{"code":"26714","sect":"Centroam\u00e9rica","sect_slug":"centroamerica","hits":"2362","link":"http:\/\/elfaro.net\/es\/202302\/centroamerica\/26714","link_edit":"","name":"Los nicarag\u00fcenses desterrados: esperanza, miedo e incertidumbre","slug":"los-nicaraguenses-desterrados-esperanza-miedo-e-incertidumbre","info":"Los 220 presos pol\u00edticos excarcelados el jueves pasado por el r\u00e9gimen de Daniel Ortega celebran la libertad despu\u00e9s de a\u00f1os o meses de encierro y tortura, pero muchos dudan de su futuro y tienen miedo a opinar porque temen represalias contra sus familias en Nicaragua. La mitad no tienen parientes o amigos en Estados Unidos y se preguntan c\u00f3mo reconstruir la vida lejos del lugar y la gente que les importa.","mtag":"Pol\u00edtica","noun":{"html":"Jos\u00e9 Luis Sanz \/ Washington","data":{"jose-luis-sanz-washington":{"sort":"","slug":"jose-luis-sanz-washington","path":"jose_luis_sanz_washington","name":"Jos\u00e9 Luis Sanz \/ Washington"}}},"view":"2362","pict":{"cms-image-000038632-jpg":{"feat":"0","sort":"38632","name":"cms-image-000038632.jpg","link":"http:\/\/elfaro.net\/images\/cms-image-000038632.jpg","path":"http:\/\/elfaro.net\/images\/cms-image-000038632.jpg","back":"","slug":"cms-image-000038632-jpg","text":"<p>Los pasaportes de los 222 presos pol\u00edticos nicarag\u00fcenses liberados el jueves 9 de febrero solo tienen un sello: el de entrada a Estados Unidos, que les concede protecci\u00f3n humanitaria durante dos a\u00f1os. Foto de El Faro: Jos\u00e9 Luis Sanz.<\/p>","capt":"\u003Cp\u003ELos pasaportes de los 222 presos pol\u00edticos nicarag\u00fcenses liberados el jueves 9 de febrero solo tienen un sello: el de entrada a Estados Unidos, que les concede protecci\u00f3n humanitaria durante dos a\u00f1os. Foto de El Faro: Jos\u00e9 Luis Sanz.\u003C\/p\u003E"},"cms-image-000038630-jpg":{"feat":"0","sort":"38630","name":"cms-image-000038630.jpg","link":"http:\/\/elfaro.net\/images\/cms-image-000038630.jpg","path":"http:\/\/elfaro.net\/images\/cms-image-000038630.jpg","back":"","slug":"cms-image-000038630-jpg","text":"<p>En los d\u00edas que siguieron a su llegada a Washington, los presos pol\u00edticos nicarag\u00fcenses liberados comenzaron un proceso de reubicaci\u00f3n por todo el pa\u00eds. Pero casi la mitad no tienen\u00a0ning\u00fan familiar o conocido en Estados Unidos. Foto de El Faro: Wilfredo Miranda\/ Divergentes.<\/p>","capt":"\u003Cp\u003EEn los d\u00edas que siguieron a su llegada a Washington, los presos pol\u00edticos nicarag\u00fcenses liberados comenzaron un proceso de reubicaci\u00f3n por todo el pa\u00eds. Pero casi la mitad no tienen\u00a0ning\u00fan familiar o conocido en Estados Unidos. Foto de El Faro: Wilfredo Miranda\/ Divergentes.\u003C\/p\u003E"},"cms-image-000038629-jpg":{"feat":"0","sort":"38629","name":"cms-image-000038629.jpg","link":"http:\/\/elfaro.net\/images\/cms-image-000038629.jpg","path":"http:\/\/elfaro.net\/images\/cms-image-000038629.jpg","back":"","slug":"cms-image-000038629-jpg","text":"<p>Como parte del proceso de acogida humanitaria, los presos pol\u00edticos liberados recibieron asesor\u00eda migratoria y atenci\u00f3n m\u00e9dica. Algunos fueron hospitlizados para recuperarse del maltrato recibido en las c\u00e1rceles de Nicaragua.<\/p>","capt":"\u003Cp\u003EComo parte del proceso de acogida humanitaria, los presos pol\u00edticos liberados recibieron asesor\u00eda migratoria y atenci\u00f3n m\u00e9dica. Algunos fueron hospitlizados para recuperarse del maltrato recibido en las c\u00e1rceles de Nicaragua.\u003C\/p\u003E"},"cms-image-000038628-jpg":{"feat":"0","sort":"38628","name":"cms-image-000038628.jpg","link":"http:\/\/elfaro.net\/images\/cms-image-000038628.jpg","path":"http:\/\/elfaro.net\/images\/cms-image-000038628.jpg","back":"","slug":"cms-image-000038628-jpg","text":"<p>Frente a la entrada del hotel Westin, a las afueras de Washington D.C., excarcelados pol\u00edticos seleccionan ropa donada por grupos de la di\u00e1spora nicarag\u00fcense en Estados Unidos el 11 de Febrero del 2023. Foto de El Faro: Miguel Andr\u00e9s\/ Divergentes.<\/p>","capt":"\u003Cp\u003EFrente a la entrada del hotel Westin, a las afueras de Washington D.C., excarcelados pol\u00edticos seleccionan ropa donada por grupos de la di\u00e1spora nicarag\u00fcense en Estados Unidos el 11 de Febrero del 2023. Foto de El Faro: Miguel Andr\u00e9s\/ Divergentes.\u003C\/p\u003E"},"cms-image-000038627-jpg":{"feat":"0","sort":"38627","name":"cms-image-000038627.jpg","link":"http:\/\/elfaro.net\/images\/cms-image-000038627.jpg","path":"http:\/\/elfaro.net\/images\/cms-image-000038627.jpg","back":"","slug":"cms-image-000038627-jpg","text":"<p>De izquierda a derecha, los ex prisioneros pol\u00edticos Alex Hern\u00e1ndez, Irving Larios, Yader Paraj\u00f3n, Samantha Jir\u00f3n y John Cerna, a las afueras del hotel en el que se alojan tras ser liberados y deportados de Nicaragua el jueves 9 de febrero de 2023. Foto de El Faro: Miguel Andr\u00e9s\/ Divergentes.<\/p>","capt":"\u003Cp\u003EDe izquierda a derecha, los ex prisioneros pol\u00edticos Alex Hern\u00e1ndez, Irving Larios, Yader Paraj\u00f3n, Samantha Jir\u00f3n y John Cerna, a las afueras del hotel en el que se alojan tras ser liberados y deportados de Nicaragua el jueves 9 de febrero de 2023. Foto de El Faro: Miguel Andr\u00e9s\/ Divergentes.\u003C\/p\u003E"},"cms-image-000038631-jpg":{"feat":"1","sort":"38631","name":"cms-image-000038631.jpg","link":"http:\/\/elfaro.net\/images\/cms-image-000038631.jpg","path":"http:\/\/elfaro.net\/images\/cms-image-000038631.jpg","back":"","slug":"cms-image-000038631-jpg","text":"<p>Un grupo de nicarag\u00fcenses exiliados en Costa Rica sali\u00f3 a las calles de San Jos\u00e9 para celebrar la excarcelaci\u00f3n de 222 presos pol\u00edticos de Nicaragua el 9 de febrero de 2023. Foto de El Faro: Carlos Herrera\/ Divergentes.<\/p>","capt":"\u003Cp\u003EUn grupo de nicarag\u00fcenses exiliados en Costa Rica sali\u00f3 a las calles de San Jos\u00e9 para celebrar la excarcelaci\u00f3n de 222 presos pol\u00edticos de Nicaragua el 9 de febrero de 2023. Foto de El Faro: Carlos Herrera\/ Divergentes.\u003C\/p\u003E"},"cms-image-000038633-jpg":{"feat":"0","sort":"38633","name":"cms-image-000038633.jpg","link":"http:\/\/elfaro.net\/images\/cms-image-000038633.jpg","path":"http:\/\/elfaro.net\/images\/cms-image-000038633.jpg","back":"","slug":"cms-image-000038633-jpg","text":"<p>Familiares y activistas acudieron el jueves 9 por la ma\u00f1ana al aeropuerto de Dulles para recibir\u00a0 a los presos pol\u00edticos que horas antes hab\u00edan salido de Nicaragua. No lograron verles porque las autoridades los trasladaron en buses a un hotel cercano. Foto de El Faro:\u00a0Andrew Caballero\/ AFP.<\/p>","capt":"\u003Cp\u003EFamiliares y activistas acudieron el jueves 9 por la ma\u00f1ana al aeropuerto de Dulles para recibir\u00a0 a los presos pol\u00edticos que horas antes hab\u00edan salido de Nicaragua. No lograron verles porque las autoridades los trasladaron en buses a un hotel cercano. Foto de El Faro:\u00a0Andrew Caballero\/ AFP.\u003C\/p\u003E"}},"pict_main__sort":38631,"date":{"live":"2023\/02\/13"},"data_post_dateLive_YY":"2023","data_post_dateLive_MM":"02","data_post_dateLive_DD":"13","text":"\u003Cp\u003E\u003Ca href=\"\/en\/202302\/centroamerica\/26715\/Political-Prisoners-Expelled-from-Nicaragua-Land-in-US-Limbo.htm\"\u003E\u003Cem\u003ERead in English\u003C\/em\u003E\u003C\/a\u003E\u003C\/p\u003E\u003Cbr\/\u003E\u003Cbr\/\u003E\u003Cp\u003EEl s\u00e1bado 4 de febrero, a los presos pol\u00edticos de El Infiernito y la c\u00e1rcel Modelo de Managua, que en algunos casos llevaban meses sin salir de su celda, les empezaron a sacar a diario para recibir minutos de sol en el patio. Los m\u00e1s avispados imaginaron que Daniel Ortega quer\u00eda que se vieran saludables porque los iba a liberar. Intentaron no ilusionarse.\u003C\/p\u003E\u003Cbr\/\u003E\u003Cbr\/\u003E\u003Cp\u003E\u201cYa otras veces cre\u00edmos que \u00edbamos libres y no pas\u00f3\u201d, dice Wilfredo Brenes, encarcelado desde abril de 2020 despu\u00e9s de haber sido detenido y torturado otras tres veces por participar en \u003Ca href=\"\/es\/201806\/ef_foto\/21996\/Los-rebeldes-se-tomaron-Masaya.htm\" target=\"_blank\"\u003Elos tranques de 2018 en Masaya\u003C\/a\u003E, y por llevar agua a un grupo de madres de presos pol\u00edticos que segu\u00edan una huelga de hambre en una Iglesia de Masaya en noviembre de 2019. \u201cEn el penal aprendimos que cuando el rumor es fuerte no hay liberaci\u00f3n. Esta vez no sab\u00edamos nada\u201d.\u003C\/p\u003E\u003Cbr\/\u003E\u003Cbr\/\u003E\u003Cp\u003ELa administraci\u00f3n Biden no ha revelado oficialmente cu\u00e1ndo comenzaron las conversaciones con el r\u00e9gimen de Daniel Ortega para la liberaci\u00f3n de \u003Ca href=\"\/es\/202302\/ef_foto\/26711\/Ortega-libera-a-222-de-sus-presos-pol%C3%ADticos-y-los-destierra.htm?ref=home\" target=\"_blank\"\u003Elos 222 presos pol\u00edticos\u003C\/a\u003E que llegaron el 9 de febrero a Estados Unidos, pero una vocera del Departamento de Estado asegura que la operaci\u00f3n se gest\u00f3 en \u201cd\u00edas, no semanas\u201d. Un funcionario involucrado en la atenci\u00f3n directa a los excarcelados una vez aterrizaron en Washington dice que \u00e9l lo supo el viernes 3 de febrero y solo el martes tuvieron confirmaci\u00f3n definitiva de que la liberaci\u00f3n suceder\u00eda.\u003C\/p\u003E\u003Cbr\/\u003E\u003Cbr\/\u003E\u003Cp\u003EUna persona cercana a la embajada estadounidense en Nicaragua confirma que fue la misma vicepresidenta Rosario Murillo quien llam\u00f3 al embajador Kevin Sullivan para comunicarle la decisi\u00f3n. El Gobierno estadounidense no avis\u00f3 al resto de embajadas en el pa\u00eds, que lo supieron, como los familiares de los presos, una vez el avi\u00f3n con los excarcelados a bordo sali\u00f3 del espacio a\u00e9reo nicarag\u00fcense.\u003C\/p\u003E\u003Cbr\/\u003E\u003Cbr\/\u003E\u003Cp\u003EBrenes lo supo la noche del mi\u00e9rcoles 8. A eso de las 7, un preso de otro penal le llam\u00f3 al celular \u2014la corrupci\u00f3n carcelaria hace posible lo prohibido\u2014 y le dijo: \u201cEst\u00e1n liberando a gente aqu\u00ed\u201d. Minutos despu\u00e9s llegaron los guardias para decirle que iba a ser trasladado.\u003C\/p\u003E\u003Cbr\/\u003E\u003Cbr\/\u003E\u003Cp\u003E\u003Cbr\/\u003E \u003Cfigure class=\"pict pict_land pict_move_posc 0 cs_img cs_img--curr rule--ss_c\" data-shot=\"pict\" data-hint=\"pict\"\u003E \u003Cdiv class=\"pict__pobj text-overflow\"\u003E\u003Cimg src=https:\/\/elfaro.net\/get_img?ImageWidth=3000&ImageHeight=2000&ImageId=38633 class=\"pobj\" style=\"max-width: 100%\" rel=\"resizable\" alt=\"Familiares y activistas acudieron el jueves 9 por la ma\u00f1ana al aeropuerto de Dulles para recibir\u00a0 a los presos pol\u00edticos que horas antes hab\u00edan salido de Nicaragua. No lograron verles porque las autoridades los trasladaron en buses a un hotel cercano. Foto de El Faro:\u00a0Andrew Caballero\/ AFP.\" \/\u003E\u003C\/div\u003E \u003Cfigcaption class=\"pict__text cs_img_caption folk_content typo_buttons line--ss_s0c line--ss_s0c--auto block full-width text-overflow rule--ss_l relative\"\u003E \u003Cdiv class=\"__content block-inline full-width align-top tint-text--idle relative\"\u003E Familiares y activistas acudieron el jueves 9 por la ma\u00f1ana al aeropuerto de Dulles para recibir\u00a0 a los presos pol\u00edticos que horas antes hab\u00edan salido de Nicaragua. No lograron verles porque las autoridades los trasladaron en buses a un hotel cercano. Foto de El Faro:\u00a0Andrew Caballero\/ AFP. \u003Cdiv class=\"photographer text_italic rule--ss_l tint-text--idle\"\u003E \u003C\/div\u003E \u003C\/div\u003E \u003C\/figcaption\u003E \u003C\/figure\u003E\u003Cbr\/\u003E\u003C\/p\u003E\u003Cbr\/\u003E\u003Cbr\/\u003E\u003Cp\u003E\u00c9l y m\u00e1s de 200 presos pol\u00edticos que hasta horas antes hab\u00edan estado dispersos en penales por todo el pa\u00eds llegaron al aeropuerto de la Fuerza A\u00e9rea en Managua en autobuses a eso de las tres de la ma\u00f1ana del jueves. Antes de bajar del veh\u00edculo, los funcionarios de prisiones les hicieron firmar un documento de una sola frase en la que aceptaban salir de Nicaragua. En el caso de Brenes, donde deb\u00eda aparecer el pa\u00eds de destino solo hab\u00eda un espacio en blanco. Dice que temi\u00f3 que los estuvieran enviando a Cuba o Venezuela para seguir presos, pero firm\u00f3 de todos modos. Recuerda que uno de los custodios le susurr\u00f3: \u201cme quiero ir yo tambi\u00e9n\u201d.\u003C\/p\u003E\u003Cbr\/\u003E\u003Cbr\/\u003E\u003Cp\u003EEn otros buses las hojas ten\u00edan escrito a mano \u201cEstados Unidos\u201d. Hubo a quienes les forzaron a firmar a oscuras sin permitirles leer. Minutos despu\u00e9s todos recibieron pasaportes nicarag\u00fcenses nuevos. La fecha de expedici\u00f3n que aparece en ellos es la misma en la que los presos empezaron a recibir sol: 4 de febrero de 2023.\u003C\/p\u003E\u003Cbr\/\u003E\u003Cbr\/\u003E\u003Cp\u003EYa a pie de pista, funcionarios estadounidenses los fueron llamando por orden alfab\u00e9tico seg\u00fan su nombre de pila para subir al avi\u00f3n. Brenes, de los \u00faltimos, dud\u00f3. Dice que pens\u00f3 en quedarse, que quer\u00eda quedarse. En Managua est\u00e1n su padre de 89 a\u00f1os y su hija de 24. Pregunt\u00f3: \u201c\u00bfQu\u00e9 ocurre si me quedo, estoy libre?\u201d. Le respondieron que Estados Unidos no era responsable de lo que pasara si se quedaba y no pod\u00eda garantizar su libertad.\u003C\/p\u003E\u003Cbr\/\u003E\u003Cbr\/\u003E\u003Cp\u003EAbord\u00f3.\u003C\/p\u003E\u003Cbr\/\u003E\u003Cbr\/\u003E\u003Cp align=\"CENTER\"\u003E***\u003C\/p\u003E\u003Cbr\/\u003E\u003Cbr\/\u003E\u003Cp\u003EEl \u003Ca href=\"\/es\/201804\/centroamerica\/21819\/Nicaragua-los-estudiantes-buscan-l%C3%ADderes.htm\" target=\"_blank\"\u003Edirigente estudiantil\u003C\/a\u003E Max Jerez no pudo dormir su primera noche en libertad. Tiene 29 a\u00f1os y, bajo una barba delgada, el mismo rostro de ni\u00f1o adulto que cuando a los trece la televisi\u00f3n nicarag\u00fcense \u003Ca href=\"https:\/\/www.youtube.com\/watch?v=KScBLjNS5JQ\" target=\"_blank\"\u003Elo hizo famoso\u003C\/a\u003E porque ya daba clases de flauta a los ni\u00f1os de su cant\u00f3n. Tambi\u00e9n tiene el car\u00e1cter de los que en p\u00fablico intentan disimular el dolor.\u003C\/p\u003E\u003Cbr\/\u003E\u003Cbr\/\u003E\u003Cp\u003EQuiz\u00e1 por eso habla de los 19 meses que llevaba encerrado en la c\u00e1rcel de El Chipote, en Managua, como si los presos fueran un ente colectivo. \u201cBuscaban provocar da\u00f1o, romperte\u201d, cuenta. \u201cHay quienes, como Medardo Mairena, pasaron m\u00e1s de un a\u00f1o en celdas de castigo, que est\u00e1n dise\u00f1adas para periodos cortos. Te ten\u00edan por meses sin visita familiar y sin saber cu\u00e1ndo ser\u00eda la pr\u00f3xima, no te permit\u00edan saber en qu\u00e9 hora del d\u00eda estabas, y nos negaban algo tan b\u00e1sico como el acceso a cualquier lectura o siquiera a objetos de escritura\u201d.\u003C\/p\u003E\u003Cbr\/\u003E\u003Cbr\/\u003E\u003Cp\u003EJerez estuvo tambi\u00e9n en una celda de castigo por cerca de dos meses y medio. Ah\u00ed se encontraba cuando muri\u00f3 su madre. A \u00e9l se lo comunicaron un mes despu\u00e9s.\u003C\/p\u003E\u003Cbr\/\u003E\u003Cbr\/\u003E\u003Cp\u003EPasadas 24 horas desde la llegada de los expresos pol\u00edticos el Westin, el hotel que aloj\u00f3 a la mayor\u00eda en sus primeros d\u00edas de libertad y destierro, parec\u00eda un peque\u00f1o aeropuerto de abrazos y llamadas por megafon\u00eda. Hay familiares de presos que el mismo jueves tomaron un vuelo desde Florida o California, o se lanzaron a la carretera desde Nueva York, Atlanta o Montreal y lograron llegar a Washington a pocas horas del aterrizaje del avi\u00f3n que ven\u00eda de Managua. La casualidad quiso incluso que Carlos Fernando Chamorro, cuyos hermanos Cristiana y Pedro Joaquin llevaban a\u00f1o y medio encarcelados, igual que sus primos Juan Sebasti\u00e1n Chamorro y Juan Lorenzo Holmann, se encontrara casualmente de viaje en la capital de Estados Unidos, para asistir a un evento sobre la dictadura nicarag\u00fcense.\u003C\/p\u003E\u003Cbr\/\u003E\u003Cbr\/\u003E\u003Cp\u003E\u003Cbr\/\u003E \u003Cfigure class=\"pict pict_land pict_move_posc 0 cs_img cs_img--curr rule--ss_c\" data-shot=\"pict\" data-hint=\"pict\"\u003E \u003Cdiv class=\"pict__pobj text-overflow\"\u003E\u003Cimg src=https:\/\/elfaro.net\/get_img?ImageWidth=3000&ImageHeight=2000&ImageId=38627 class=\"pobj\" style=\"max-width: 100%\" rel=\"resizable\" alt=\"De izquierda a derecha, los ex prisioneros pol\u00edticos Alex Hern\u00e1ndez, Irving Larios, Yader Paraj\u00f3n, Samantha Jir\u00f3n y John Cerna, a las afueras del hotel en el que se alojan tras ser liberados y deportados de Nicaragua el jueves 9 de febrero de 2023. Foto de El Faro: Miguel Andr\u00e9s\/ Divergentes.\" \/\u003E\u003C\/div\u003E \u003Cfigcaption class=\"pict__text cs_img_caption folk_content typo_buttons line--ss_s0c line--ss_s0c--auto block full-width text-overflow rule--ss_l relative\"\u003E \u003Cdiv class=\"__content block-inline full-width align-top tint-text--idle relative\"\u003E De izquierda a derecha, los ex prisioneros pol\u00edticos Alex Hern\u00e1ndez, Irving Larios, Yader Paraj\u00f3n, Samantha Jir\u00f3n y John Cerna, a las afueras del hotel en el que se alojan tras ser liberados y deportados de Nicaragua el jueves 9 de febrero de 2023. Foto de El Faro: Miguel Andr\u00e9s\/ Divergentes. \u003Cdiv class=\"photographer text_italic rule--ss_l tint-text--idle\"\u003E \u003C\/div\u003E \u003C\/div\u003E \u003C\/figcaption\u003E \u003C\/figure\u003E\u003Cbr\/\u003E\u003C\/p\u003E\u003Cbr\/\u003E\u003Cbr\/\u003E\u003Cp\u003ESu reencuentro el jueves entre l\u00e1grimas fue de los primeros y las fotograf\u00edas circularon por todos los medios nicarag\u00fcenses en el exilio mientras en Managua el r\u00e9gimen les despojaba por decreto de su nacionalidad y daba una conferencia de prensa para acusarlos una vez m\u00e1s de ser \u201cterroristas\u201d y \u201cagentes de potencias extranjeras\u201d. La alegr\u00eda no se detuvo. Decenas de grupos llegaron a lo largo del viernes o el s\u00e1bado al hotel para encontrarse con sus hijos, primos o hermanos. La di\u00e1spora nicarag\u00fcense en Estados Unidos recibi\u00f3 a los liberados como a una fuerza libertadora.\u003C\/p\u003E\u003Cbr\/\u003E\u003Cbr\/\u003E\u003Cp\u003ETambi\u00e9n hubo reencuentros entre los mismos presos. Mientras empleados del Departamento de Estado y voluntarios entregaban a cada uno una mochila con ropa, un tel\u00e9fono celular y programaban chequeos m\u00e9dicos para quienes los necesitaban, decenas de quienes protagonizaron los \u003Ca href=\"\/es\/201806\/centroamerica\/21979\/Masaya-se-atrinchera-contra-Ortega.htm?fbclid=IwAR0LKlY1nDiO_55HSFkcsgK-wS0XPyY4c07YWvAi2TDHXmR31H2HHmholGs\"\u003E tranques en Masaya \u003C\/a\u003E o Matagalpa en abril y mayo de 2018 conversaron por primera vez el viernes despu\u00e9s de a\u00f1os en c\u00e1rceles diferentes. Max Jerez no hab\u00eda hablado en m\u00e1s de a\u00f1o y medio con otros detenidos de su organizaci\u00f3n, la Alianza Universitaria Nicarag\u00fcense (AUN), y dice que solo al subir al avi\u00f3n supo que hab\u00edan sido encarceladas tambi\u00e9n la docente Thelma Estela Vanegas, a quien llama \u201cla profe Thelma\u201d o la abogada de Derechos Humanos Nidia Barbosa, dirigentes como \u00e9l de la Alianza C\u00edvica.\u003C\/p\u003E\u003Cbr\/\u003E\u003Cbr\/\u003E\u003Cp\u003EPara muchos, sobre todo aquellos que pasaron m\u00e1s a\u00f1os de encierro, han sido d\u00edas de ajuste. Un l\u00edder campesino cuenta que otro de sus compa\u00f1eros pas\u00f3 el viernes y el s\u00e1bado casi sin salir de su cuarto. Bajo el argumento del respeto a la privacidad, el Gobierno de Estados Unidos no ha querido dar detalles, ni siquiera en cifras, sobre el estado de salud en que se encontraban los liberados, pero hay quienes nada m\u00e1s llegar fueron trasladados a un hospital donde recibieron tratamiento por m\u00e1s de 48 horas, como la dirigente campesina Dominga de la Cruz.\u003C\/p\u003E\u003Cbr\/\u003E\u003Cbr\/\u003E\u003Cp\u003EIgual que Jerez, hubo quienes no lograron conciliar el sue\u00f1o. Varios, acostumbrados a la dureza de los camarotes carcelarios, durmieron al principio en el suelo de la habitaci\u00f3n. El s\u00e1bado, uno de los liberados bromeaba con el hecho de haber pasado la noche entera sobre la cama, sin dormir pero sin cambiar de postura \u201cme he acostumbrado a dormir en hamaca, y ah\u00ed uno se echa y ya no se mueve\u201d, dec\u00eda segundos antes de admitir: \u201cEstoy destruido emocionalmente\u201d.\u003C\/p\u003E\u003Cbr\/\u003E\u003Cbr\/\u003E\u003Cp align=\"CENTER\"\u003E***\u003C\/p\u003E\u003Cbr\/\u003E\u003Cbr\/\u003E\u003Cp\u003EAl desconcierto y la felicidad por la inesperada liberaci\u00f3n, y a la huella de meses o a\u00f1os de encierro y torturas, se uni\u00f3 nada m\u00e1s aterrizar en Estados Unidos una incertidumbre nueva. La mayor\u00eda de excarcelados han dejado atr\u00e1s hijos, pareja, padres, una casa, el trabajo que alguna vez tuvieron, y se sienten transplantados a la fuerza a un pa\u00eds que habla otro idioma y en el que van a tener que empezar de cero, solos.\u003C\/p\u003E\u003Cbr\/\u003E\u003Cbr\/\u003E\u003Cp\u003E\u201cPor un lado es bonito: ya no estamos en esa celda, pidiendo ayuda a Dios todos los d\u00edas, pero queda la preocupaci\u00f3n por la familia que dejamos atr\u00e1s y est\u00e1 expuesta todav\u00eda. Y el no saber qu\u00e9 va a pasar ma\u00f1ana con nosotros\u201d, dice un joven que pas\u00f3 los \u00faltimos cinco meses en El Chipote. \u201cMucha gente aqu\u00ed ten\u00edamos trabajos formales, \u00e9ramos oficinistas, administradores de negocios, y ahora ac\u00e1... Uno de mis compa\u00f1eros, de casi 70 a\u00f1os, manejaba una importadora de granos y ahora se est\u00e1 imaginando trabajar de guardia de seguridad. Yo era financiero de una multinacional, y posiblemente me toque trabajar aqu\u00ed pintando casas o algo parecido. Es un golpe radical\u201d.\u003C\/p\u003E\u003Cbr\/\u003E\u003Cbr\/\u003E\u003Cp\u003E\u003Cbr\/\u003E \u003Cfigure class=\"pict pict_land pict_move_posc 0 cs_img cs_img--curr rule--ss_c\" data-shot=\"pict\" data-hint=\"pict\"\u003E \u003Cdiv class=\"pict__pobj text-overflow\"\u003E\u003Cimg src=https:\/\/elfaro.net\/get_img?ImageWidth=3000&ImageHeight=2000&ImageId=38632 class=\"pobj\" style=\"max-width: 100%\" rel=\"resizable\" alt=\"Los pasaportes de los 222 presos pol\u00edticos nicarag\u00fcenses liberados el jueves 9 de febrero solo tienen un sello: el de entrada a Estados Unidos, que les concede protecci\u00f3n humanitaria durante dos a\u00f1os. Foto de El Faro: Jos\u00e9 Luis Sanz.\" \/\u003E\u003C\/div\u003E \u003Cfigcaption class=\"pict__text cs_img_caption folk_content typo_buttons line--ss_s0c line--ss_s0c--auto block full-width text-overflow rule--ss_l relative\"\u003E \u003Cdiv class=\"__content block-inline full-width align-top tint-text--idle relative\"\u003E Los pasaportes de los 222 presos pol\u00edticos nicarag\u00fcenses liberados el jueves 9 de febrero solo tienen un sello: el de entrada a Estados Unidos, que les concede protecci\u00f3n humanitaria durante dos a\u00f1os. Foto de El Faro: Jos\u00e9 Luis Sanz. \u003Cdiv class=\"photographer text_italic rule--ss_l tint-text--idle\"\u003E \u003C\/div\u003E \u003C\/div\u003E \u003C\/figcaption\u003E \u003C\/figure\u003E\u003Cbr\/\u003E\u003C\/p\u003E\u003Cbr\/\u003E\u003Cbr\/\u003E\u003Cp\u003EEl viernes, despu\u00e9s de dar una \u003Ca href=\"https:\/\/elpais.com\/internacional\/2023-02-12\/cronica-de-la-final-del-mundial-desde-la-carcel-nicaraguense-de-el-chipote.html\" target=\"_blank\"\u003Eentrevista\u003C\/a\u003E jovial al peri\u00f3dico espa\u00f1ol El Pa\u00eds, el periodista deportivo Miguel Mendoza, encarcelado en junio de 2021 por denunciar en sus redes sociales la represi\u00f3n orteguista, se torn\u00f3 sombr\u00edo y advirti\u00f3: \u201cCon nosotros ve\u00eda gente humilde, que se sub\u00eda por primera vez a un avi\u00f3n. Hay quienes no tienen familia en este pa\u00eds. Ojal\u00e1 esa gente no termine abandonada\u201d.\u003C\/p\u003E\u003Cbr\/\u003E\u003Cbr\/\u003E\u003Cp\u003EEl sal\u00f3n principal del Westin fue los \u00faltimos tres d\u00edas el centro de operaciones de una improvisada pero eficaz misi\u00f3n de acogida en la que se han involucrado varias agencias estadounidenses y organizaciones no gubernamentales como Amnist\u00eda Internacional, el Instituto sobre Raza, Igualdad y Derechos Humanos, o la Casa de Maryland. Alrededor de la sala, una decena de mesas de atenci\u00f3n funcionaron en turnos de hasta doce horas bajo carteles en los que se le\u00eda \u201ccontacto familia y amigos\u201d, \u201cayuda telef\u00f3nica\u201d, \u201cviajes\u201d, \u201cequipaje\u201d, \u201cropa y art\u00edculos de tocador\u201d, \u201capoyo emocional\u201d, \u201cayuda m\u00e9dica\u201d o \u201cServicio de Ciudadan\u00eda e Inmigraci\u00f3n\u201d mientras por micr\u00f3fono se hac\u00edan anuncios, se llamaba a quienes ten\u00edan revisi\u00f3n m\u00e9dica o recib\u00edan visita, o se hac\u00eda el recordatorio de reuniones informativas.\u003C\/p\u003E\u003Cbr\/\u003E\u003Cbr\/\u003E\u003Cp\u003EEn muchas de esas mesas se trabajaba como en una cuenta atr\u00e1s, atendiendo caso por caso. Estados Unidos ha concedido a los ex presos pol\u00edticos liberados el jueves un \u003Cem\u003Eparole\u003C\/em\u003E humanitario de dos a\u00f1os y les ha prometido un permiso de trabajo que tardar\u00e1 entre uno y tres meses, pero se estima que 109 de ellos no tiene ning\u00fan familiar o amigo en Estados Unidos. Eso no solo significa no tener una red de apoyo para encarar el trauma despu\u00e9s del encierro. Significa no tener d\u00f3nde vivir o qui\u00e9n te alimente, literalmente, mientras llega ese permiso o logran tener ingresos.\u003C\/p\u003E\u003Cbr\/\u003E\u003Cbr\/\u003E\u003Cp\u003EAl llegar se les dijo, adem\u00e1s, que contaban con una habitaci\u00f3n de hotel hasta este domingo, y el mismo jueves uno de ellos se acerc\u00f3 a uno de los voluntarios y le dijo entre l\u00e1grimas: \u201cEl lunes no quiero quedarme en la calle\u201d. Sentado en una de las enormes mesas redondas que ocupaban el centro del lugar, el viernes otro de los presos liberados pregunt\u00f3 a una orientadora del Departamento de Estado: \u201cNo tengo ad\u00f3nde ir\u201d. Ella lo trat\u00f3 de calmar: \u201cAlgo vamos a hacer\u201d.\u003C\/p\u003E\u003Cbr\/\u003E\u003Cbr\/\u003E\u003Cp\u003EAunque el objetivo de la administraci\u00f3n Biden era que al cierre del fin de semana todos, los 222, tuvieran ya registrado o asignado un domicilio temporal en Estados Unidos y se les hubiera provisto un vuelo a ese destino, el s\u00e1bado ya se hab\u00eda decidido que ciertos casos espec\u00edficos pudieran permanecer en el hotel el tiempo necesario. Ese mismo d\u00eda se ayud\u00f3 a todo el que quisiera y conociera ya su futura direcci\u00f3n de residencia a rellenar su petici\u00f3n de asilo en Estados Unidos. Por la tarde, funcionarios de la embajada de Espa\u00f1a, que ha ofrecido a los 222 la nacionalidad espa\u00f1ola, dieron una charla informativa para aquellos interesados en solicitarla.\u003C\/p\u003E\u003Cbr\/\u003E\u003Cbr\/\u003E\u003Cp\u003EUno de los liberados, militante sandinista en el pasado y preso casi cuatro a\u00f1os, desde marzo de 2019, por no querer participar en la \u201coperaci\u00f3n limpieza\u201d que \u003Ca href=\"\/es\/201807\/ef_foto\/22267\/Nicaragua-tres-meses-de-muerte-y-represi%C3%B3n.htm\" target=\"_blank\"\u003Ereprimi\u00f3 las protestas de 2018\u003C\/a\u003E contra la dictadura, cuenta que en su formulario us\u00f3 la direcci\u00f3n de alguien a quien ni siquiera conoce.\u003C\/p\u003E\u003Cbr\/\u003E\u003Cbr\/\u003E\u003Cp\u003E\u201cEso es lo que a m\u00ed me tiene feo. Voy a un lugar que ni s\u00e9 la direcci\u00f3n. Solo un amigo me dijo \u2018mir\u00e1, te voy a apuntar ah\u00ed\u2019, y pusieron la direcci\u00f3n, pero no s\u00e9 si la se\u00f1ora me va a aceptar porque la se\u00f1ora les abri\u00f3 las puertas a ellos y yo solo he puesto la misma direcci\u00f3n para irme. Solo s\u00e9 que es en California\u201d, dice. \u201cAs\u00ed est\u00e1 la situaci\u00f3n no solo m\u00eda, sino de muchos\u201d.\u003C\/p\u003E\u003Cbr\/\u003E\u003Cbr\/\u003E\u003Cp\u003E\u003Cbr\/\u003E \u003Cfigure class=\"pict pict_land pict_move_posc 0 cs_img cs_img--curr rule--ss_c\" data-shot=\"pict\" data-hint=\"pict\"\u003E \u003Cdiv class=\"pict__pobj text-overflow\"\u003E\u003Cimg src=https:\/\/elfaro.net\/get_img?ImageWidth=3000&ImageHeight=2000&ImageId=38630 class=\"pobj\" style=\"max-width: 100%\" rel=\"resizable\" alt=\"En los d\u00edas que siguieron a su llegada a Washington, los presos pol\u00edticos nicarag\u00fcenses liberados comenzaron un proceso de reubicaci\u00f3n por todo el pa\u00eds. Pero casi la mitad no tienen\u00a0ning\u00fan familiar o conocido en Estados Unidos. Foto de El Faro: Wilfredo Miranda\/ Divergentes.\" \/\u003E\u003C\/div\u003E \u003Cfigcaption class=\"pict__text cs_img_caption folk_content typo_buttons line--ss_s0c line--ss_s0c--auto block full-width text-overflow rule--ss_l relative\"\u003E \u003Cdiv class=\"__content block-inline full-width align-top tint-text--idle relative\"\u003E En los d\u00edas que siguieron a su llegada a Washington, los presos pol\u00edticos nicarag\u00fcenses liberados comenzaron un proceso de reubicaci\u00f3n por todo el pa\u00eds. Pero casi la mitad no tienen\u00a0ning\u00fan familiar o conocido en Estados Unidos. Foto de El Faro: Wilfredo Miranda\/ Divergentes. \u003C\/div\u003E \u003C\/figcaption\u003E \u003C\/figure\u003E\u003Cbr\/\u003E\u003C\/p\u003E\u003Cbr\/\u003E\u003Cbr\/\u003E\u003Cp\u003ESu relato es el de torturas diarias durante el inicio de su encierro, cuando estuvo desaparecido dos meses antes de ser ingresado formalmente a un penal y recib\u00eda palizas constantes de polic\u00edas y de encapuchados que, asegura, ten\u00edan acento cubano. \u201cAndo un solo test\u00edculo, y tengo ah\u00ed las marcas de los grilletes de cuando ya en prisi\u00f3n los guardias me quer\u00edan pasar de lado a lado\u201d, dice y muestra un grupo de cicatrices en los tobillos y en los brazos. Dice haber visto c\u00f3mo a compa\u00f1eros \u201clos torturaban hasta que se defecaran. As\u00ed nos pasaba a todos nosotros en ese \u00e1rea\u201d.\u003C\/p\u003E\u003Cbr\/\u003E\u003Cbr\/\u003E\u003Cp\u003ELos \u00faltimos dos a\u00f1os los pas\u00f3 en una celda de aislamiento de 1.80 por 3 metros, sin ver a nadie. La mayor\u00eda de ese tiempo lo pas\u00f3, adem\u00e1s, sin visita conyugal porque un guardia le dijo que el r\u00e9gimen ten\u00eda \u201cen la mira\u201d a su esposa y \u00e9l temi\u00f3 que al visitarlo se pusiera a\u00fan m\u00e1s en peligro.\u003C\/p\u003E\u003Cbr\/\u003E\u003Cbr\/\u003E\u003Cp\u003EDe pie en la recepci\u00f3n de un hotel de cuatro estrellas en el que siente que no encaja, habla con gesto apretado, como alguien para quien la labor de resistir no ha terminado, y pone distancia con otros presos de mayor visibilidad pol\u00edtica, de familias m\u00e1s adineradas o con un apoyo internacional m\u00e1s s\u00f3lido. No olvida \u2015muchos de los liberados no lo hacen\u2015 que entre quienes terminaron siendo prisioneros pol\u00edticos hay antiguos aliados de Ortega, o l\u00edderes que no apoyaron los violentos tranques en los que \u00e9l y otros miles de personas de barrios o municipios populares desafiaron al r\u00e9gimen en 2018 hasta terminar \u003Ca href=\"\/es\/201807\/centroamerica\/22306\/La-generaci%C3%B3n-rota-de-Nicaragua.htm\" target=\"_blank\"\u003Ebarridos por fuerzas paramilitares\u003C\/a\u003E y la Polic\u00eda Nacional.\u003C\/p\u003E\u003Cbr\/\u003E\u003Cbr\/\u003E\u003Cp\u003E\u201cA ellos no los ver\u00e1s all\u00ed\u201d, dice. Y se\u00f1ala a un grupo de los excarcelados de frente a la puerta del hotel, ya de noche, busca algo de su talla entre maletas y bolsas de ropa que familias nicarag\u00fcenses de Nueva York y Florida han tra\u00eddo como donaci\u00f3n para los reci\u00e9n liberados.\u003C\/p\u003E\u003Cbr\/\u003E\u003Cbr\/\u003E\u003Cp\u003EComo tantos otros, el jueves \u00e9l pens\u00f3 en no subir al avi\u00f3n. \u201cYo mejor hubiera muerto all\u00e1, en una celda\u201d, dice con una amargura fr\u00eda. \u201cLa libertad de uno vale, pero en este hermoso pa\u00eds que nos abri\u00f3 las puertas... Yo prefer\u00eda mejor estar preso. All\u00e1 est\u00e1 mi gente\u201d.\u003C\/p\u003E\u003Cbr\/\u003E\u003Cbr\/\u003E\u003Cp\u003EEs uno de los presos m\u00e1s visibles del grupo por su tiempo de encierro, por las torturas que recibi\u00f3 y por sus recurrentes huelgas de hambre, pero no quiere que se publique su nombre. Decenas de los liberados de todo estrato econ\u00f3mico y distintos grados de perfil p\u00fablico tienen a\u00fan a familia en Nicaragua y rechazan dar entrevistas \u2015\u201cNo todav\u00eda\u201d, dice un l\u00edder estudiantil; \u201csolo \u003Cem\u003Eoff the record\u003C\/em\u003E\u201d, pone como condici\u00f3n un empresario\u2015 o piden que se omitan su nombre o detalles que los identifiquen. No importa que la polic\u00eda orteguista ya no pueda alcanzarles. El terror viaj\u00f3 con ellos.\u003C\/p\u003E\u003Cbr\/\u003E\u003Cbr\/\u003E\u003Cp\u003EMiguel Flores, compa\u00f1ero de Jerez en AUN, lo resume: \u201cHan liberado a 222 presos pol\u00edticos, pero quedan millones de nicarag\u00fcenses en el miedo, en la pobreza, sabiendo que si hablan pueden ser encarcelados o desterrados. La estrategia de Ortega a\u00fan funciona\u201d. \u00c9l se tratar\u00e1 de establecer en Los \u00c1ngeles, donde su hermano mayor, que huy\u00f3 de su pa\u00eds en 2019, est\u00e1 ya en proceso de asilo.\u003C\/p\u003E\u003Cbr\/\u003E\u003Cbr\/\u003E\u003Cp align=\"CENTER\"\u003E***\u003C\/p\u003E\u003Cbr\/\u003E\u003Cbr\/\u003E\u003Cp\u003ELa prioridad, para muchos de quienes iban en el avi\u00f3n del jueves, es ahora sacar a sus familiares. Una maestra que pas\u00f3 los \u00faltimos tres meses en prisi\u00f3n como un castigo de Ortega a sus hermanos, opositores exiliados en Texas, asegura que s\u00f3lo acept\u00f3 viajar porque le prometieron antes que una vez en Estados Unidos tendr\u00eda la posibilidad de gestionar la reunificaci\u00f3n con sus hijos.\u003C\/p\u003E\u003Cbr\/\u003E\u003Cbr\/\u003E\u003Cp\u003E\u201cAl ver el avi\u00f3n comenc\u00e9 a llorar y el coraz\u00f3n se me desbarat\u00f3\u201d, dice. \u201cNo me pude despedir de mi hijo, de mi pap\u00e1, darles un abrazo...\u201d. A su padre, de hecho, nadie en La Modelo le quiso informar la ma\u00f1ana del jueves 9 que ella hab\u00eda sido liberada. \u201cYa no est\u00e1 aqu\u00ed, vaya a buscarla al Chipote\u201d, cuenta que le dijeron. Una vez all\u00ed, de nuevo le dirigieron a un tercer penal. Pens\u00f3 que la hab\u00edan matado. \u201cUstedes le hicieron algo y no me quieren decir\u201d, dice ella que les dijo.\u003C\/p\u003E\u003Cbr\/\u003E\u003Cbr\/\u003E\u003Cp\u003EEl \u003Cem\u003Eparole\u003C\/em\u003E humanitario es un amparo individual y quien quiera optar a la reunificaci\u00f3n familiar en Estados Unidos tendr\u00e1 primero que lograr el asilo. La espera puede ser de meses o a\u00f1os.\u003C\/p\u003E\u003Cbr\/\u003E\u003Cbr\/\u003E\u003Cp\u003E\u003Cbr\/\u003E \u003Cfigure class=\"pict pict_land pict_move_posc 0 cs_img cs_img--curr rule--ss_c\" data-shot=\"pict\" data-hint=\"pict\"\u003E \u003Cdiv class=\"pict__pobj text-overflow\"\u003E\u003Cimg src=https:\/\/elfaro.net\/get_img?ImageWidth=3000&ImageHeight=2000&ImageId=38628 class=\"pobj\" style=\"max-width: 100%\" rel=\"resizable\" alt=\"Frente a la entrada del hotel Westin, a las afueras de Washington D.C., excarcelados pol\u00edticos seleccionan ropa donada por grupos de la di\u00e1spora nicarag\u00fcense en Estados Unidos el 11 de Febrero del 2023. Foto de El Faro: Miguel Andr\u00e9s\/ Divergentes.\" \/\u003E\u003C\/div\u003E \u003Cfigcaption class=\"pict__text cs_img_caption folk_content typo_buttons line--ss_s0c line--ss_s0c--auto block full-width text-overflow rule--ss_l relative\"\u003E \u003Cdiv class=\"__content block-inline full-width align-top tint-text--idle relative\"\u003E Frente a la entrada del hotel Westin, a las afueras de Washington D.C., excarcelados pol\u00edticos seleccionan ropa donada por grupos de la di\u00e1spora nicarag\u00fcense en Estados Unidos el 11 de Febrero del 2023. Foto de El Faro: Miguel Andr\u00e9s\/ Divergentes. \u003Cdiv class=\"photographer text_italic rule--ss_l tint-text--idle\"\u003E \u003C\/div\u003E \u003C\/div\u003E \u003C\/figcaption\u003E \u003C\/figure\u003E\u003Cbr\/\u003E\u003C\/p\u003E\u003Cbr\/\u003E\u003Cbr\/\u003E\u003Cp\u003E\u201cYo tengo miedo de que si opino algo ir\u00e1n contra mi pap\u00e1 y mi mam\u00e1\u201d, dice la maestra. \u201cPor eso no quiero fotos, ni que mi nombre aparezca en nada. Ya me han dicho que en Managua se est\u00e1n llevando de nuevo a gente. Yo lo pensaba en el avi\u00f3n: \u2018nos est\u00e1n sacando, pero ya van a llenar de nuevo esas c\u00e1rceles, y Dios quiera que no sea la familia de nosotros\u2019\u201d.\u003C\/p\u003E\u003Cbr\/\u003E\u003Cbr\/\u003E\u003Cp\u003EInstal\u00f3 c\u00e1maras en su casa, pero sabe que eso no servir\u00e1 frente al r\u00e9gimen. Ha pedido a sus padres y a su hijo mayor que cambien de n\u00famero de tel\u00e9fono y que no tenga redes sociales, aunque abundan los casos de quienes, sin ni siquiera tenerlas, fueron encarcelados usando como excusa cr\u00edticas contra el gobierno colocadas en cuentas falsas.\u003C\/p\u003E\u003Cbr\/\u003E\u003Cbr\/\u003E\u003Cp\u003EAl hablar de c\u00f3mo el gobierno de Ortega les niega ahora la nacionalidad saca de una mochila su c\u00e9dula y se r\u00ede: \u201cTengo esto como recuerdo\u201d. Le preocup\u00f3 m\u00e1s enterarse el s\u00e1bado de que las actas de nacimiento de los 222 han sido borradas del registro civil de su pa\u00eds. \u201cYa no existimos en Nicaragua. Mi mam\u00e1 fue a solicitar una partida de nacimiento m\u00eda y ya no salgo\u201d, dice desconcertada.\u003C\/p\u003E\u003Cbr\/\u003E\u003Cbr\/\u003E\u003Cp\u003EEso puede convertir el futuro de los presos pol\u00edticos desterrados en un laberinto administrativo. Hay quienes han dejado a sus hijos al cuidado de abuelos o t\u00edos, y se preguntan qui\u00e9n tendr\u00e1 ahora representaci\u00f3n legal para gestionar ante las autoridades nicarag\u00fcenses su salida.\u003C\/p\u003E\u003Cbr\/\u003E\u003Cbr\/\u003E\u003Cp\u003EUn problema similar pueden enfrentar las parejas no casadas. \u00bfQu\u00e9 documento podr\u00e1 probar ante las cortes migratorias estadounidenses un v\u00ednculo? Los formularios que los liberados rellenaron este fin de semana no inclu\u00eda la opci\u00f3n de tener una pareja no documentada aun cuando existan hijos en com\u00fan.\u003C\/p\u003E\u003Cbr\/\u003E\u003Cbr\/\u003E\u003Cp\u003EEl s\u00e1bado por la noche, un voluntario que acababa de terminar su turno se acerc\u00f3, antes de irse, al exmilitante sandinista torturado por el r\u00e9gimen de Ortega: \u201cHe preguntado, y si aplicas a la ciudadan\u00eda espa\u00f1ola te afectar\u00e1 a la solicitud de asilo ac\u00e1, porque se entiende que ya tendr\u00edas un pa\u00eds seguro al que ir. Si te quer\u00e9s quedar en Estados Unidos es un problema, pero lo de Espa\u00f1a es m\u00e1s expedito, porque el asilo ni siquiera es residencia y llevar\u00eda tiempo tener la \u003Cem\u003Egreen card\u003C\/em\u003E\u201d.\u003C\/p\u003E\u003Cbr\/\u003E\u003Cbr\/\u003E\u003Cp\u003EUn nuevo dilema: quedarse en Estados Unidos o poner un oc\u00e9ano de distancia con la esperanza de procesos m\u00e1s cortos. \u201cSer\u00eda m\u00e1s r\u00e1pida la extracci\u00f3n de nuestros familiares\u201d, pens\u00f3 en voz alta \u00e9l. \u201cS\u00ed, al menos en el caso de la esposa y los hijos menores. Pero eso lo decide usted\u201d, respondi\u00f3 el voluntario.\u003C\/p\u003E\u003Cbr\/\u003E\u003Cbr\/\u003E\u003Cp\u003E\u003Cbr\/\u003E \u003Cfigure class=\"pict pict_land pict_move_posc 0 cs_img cs_img--curr rule--ss_c\" data-shot=\"pict\" data-hint=\"pict\"\u003E \u003Cdiv class=\"pict__pobj text-overflow\"\u003E\u003Cimg src=https:\/\/elfaro.net\/get_img?ImageWidth=3000&ImageHeight=2000&ImageId=38631 class=\"pobj\" style=\"max-width: 100%\" rel=\"resizable\" alt=\"Un grupo de nicarag\u00fcenses exiliados en Costa Rica sali\u00f3 a las calles de San Jos\u00e9 para celebrar la excarcelaci\u00f3n de 222 presos pol\u00edticos de Nicaragua el 9 de febrero de 2023. Foto de El Faro: Carlos Herrera\/ Divergentes.\" \/\u003E\u003C\/div\u003E \u003Cfigcaption class=\"pict__text cs_img_caption folk_content typo_buttons line--ss_s0c line--ss_s0c--auto block full-width text-overflow rule--ss_l relative\"\u003E \u003Cdiv class=\"__content block-inline full-width align-top tint-text--idle relative\"\u003E Un grupo de nicarag\u00fcenses exiliados en Costa Rica sali\u00f3 a las calles de San Jos\u00e9 para celebrar la excarcelaci\u00f3n de 222 presos pol\u00edticos de Nicaragua el 9 de febrero de 2023. Foto de El Faro: Carlos Herrera\/ Divergentes. \u003Cdiv class=\"photographer text_italic rule--ss_l tint-text--idle\"\u003E \u003C\/div\u003E \u003C\/div\u003E \u003C\/figcaption\u003E \u003C\/figure\u003E\u003Cbr\/\u003E\u003C\/p\u003E\u003Cbr\/\u003E\u003Cbr\/\u003E\u003Cp\u003EFuera de Nicaragua solo tiene dos hermanas, en Italia. \u201cPero piensan que la muerte de mi pap\u00e1 fue por mi culpa, porque le dio un infarto. Yo solo por eso quiero salir de aqu\u00ed: porque quiero sacar a mi familia de all\u00e1\u201d, dice. Y en estos d\u00edas de ideas confusas, de emociones cruzadas, vuelve de golpe a lo pol\u00edtico: \u201cMi participaci\u00f3n fue apoyar al pueblo. Fue para que Nicaragua no est\u00e9 como est\u00e1, en manos del r\u00e9gimen. Y est\u00e1 valiendo la pena, porque pronto nuestra naci\u00f3n va a ser liberada. Y si tenemos que retornar para liberarla de una u otra manera... Cr\u00e9ame, all\u00e1 hay muchos nicarag\u00fcenses que est\u00e1n participando en el r\u00e9gimen obligadamente\u201d.\u003C\/p\u003E\u003Cbr\/\u003E\u003Cbr\/\u003E\u003Cp\u003EEl joven que pas\u00f3 cinco meses en el Chipote fue detenido como represalia contra su madre, exiliada, y tambi\u00e9n dej\u00f3 a familia atr\u00e1s. \u201cAntes no participaba en pol\u00edtica\u201d, dice, \u201cpero ahora no puedo permanecer neutral\u201d. Este s\u00e1bado vol\u00f3 a Tennessee, donde lo alojar\u00e1 un familiar.\u003C\/p\u003E\u003Cbr\/\u003E\u003Cbr\/\u003E\u003Cp\u003EOtro de los liberados contaba el viernes que se quedar\u00e1 al principio en casa de un amigo en Virginia. Un grupo de cinco dirigentes de los tranques se ha acomodado ya en casa de una familia nicarag\u00fcense en Maryland. \u201cTengo cuatro t\u00edos en Nebraska. Uno tiene 22 a\u00f1os de estar all\u00ed, otro como 15\u201d, dec\u00eda un joven ex prisionero de La Modelo el s\u00e1bado por la noche. \u201cTengo familia tambi\u00e9n en Miami, pero me dijeron que la situaci\u00f3n est\u00e1 un poco dif\u00edcil all\u00ed\u201d.\u003C\/p\u003E\u003Cbr\/\u003E\u003Cbr\/\u003E\u003Cp\u003EF\u00e9lix, hermano de Wilfredo Brenes, viaj\u00f3 a Washington y trat\u00f3 de convencerle de que se fuera a vivir con \u00e9l a Canad\u00e1. \u201cEs un pa\u00eds mejor para vivir. Y cuando m\u00e1s al norte, la gente es m\u00e1s abierta\u201d, dice sin llegar a pronunciar las palabras \u201cracismo\u201d y \u201cantiinmigrante\u201d. Wilfredo ha decidido volar a Florida, donde tiene otro hermano y reside su hijo mayor.\u003C\/p\u003E\u003Cbr\/\u003E\u003Cbr\/\u003E\u003Cp\u003EMax Jerez viajar\u00e1 primero a San Francisco y despu\u00e9s a Minnesota, donde tiene familia. \u201cEsto es temporal\u201d, dice. \u201cHa dicho la dictadura que la suspensi\u00f3n de nuestros derechos es perpetua, pero las dictaduras no son perpetuas. Volver\u00e9 a mi pa\u00eds cuando haya otra vez libertad, y eso va a ser pronto. La oposici\u00f3n no somos 222 personas\u201d.\u003C\/p\u003E"}