{"code":"23916","sect":"El Salvador","sect_slug":"el-salvador","hits":"12360","link":"https:\/\/elfaro.net\/es\/202001\/el_salvador\/23916","link_edit":"","name":"Adolfo T\u00f3rrez pidi\u00f3 medio mill\u00f3n a Roberto Silva para liberarlo de cargos en El Salvador","slug":"adolfo-torrez-pidio-medio-millon-a-roberto-silva-para-liberarlo-de-cargos-en-el-salvador","info":"El Faro revel\u00f3 en abril de 2009 que la defensa en Estados Unidos del exdiputado pecenista Roberto Silva Pereira present\u00f3 como prueba en un juicio de asilo pol\u00edtico una grabaci\u00f3n telef\u00f3nica en la que el ex director departamental de Arena en San Salvador solicitaba 500 mil d\u00f3lares para desvanecer sus cargos penales en el pa\u00eds. La embajada estadounidense confirm\u00f3 que el FBI entreg\u00f3 una copia de esa grabaci\u00f3n al ex fiscal general Garried Safie en abril de 2008.\u00a0","mtag":"Transparencia","noun":{"html":"Rodrigo Baires y Carlos Mart\u00ednez","data":{"rodrigo-baires-y-carlos-martinez":{"sort":"","slug":"rodrigo-baires-y-carlos-martinez","path":"rodrigo_baires_y_carlos_martinez","name":"Rodrigo Baires y Carlos Mart\u00ednez"}}},"view":"12360","pict":{"cms-image-000032706-jpg":{"feat":"0","sort":"32706","name":"cms-image-000032706.jpg","link":"https:\/\/elfaro.net\/images\/cms-image-000032706.jpg","path":"https:\/\/elfaro.net\/images\/cms-image-000032706.jpg","back":"","slug":"cms-image-000032706-jpg","text":"","capt":""},"cms-image-000001165-jpg":{"feat":"0","sort":"1165","name":"cms-image-000001165.jpg","link":"https:\/\/elfaro.net\/images\/cms-image-000001165.jpg","path":"https:\/\/elfaro.net\/images\/cms-image-000001165.jpg","back":"","slug":"cms-image-000001165-jpg","text":"<p>Adolfo T\u00f3rrez, entonces director departamental de Arena y propietario de una empresa de seguridad privada, escucha con El Faro, el 14 de abril, la grabaci\u00f3n de una conversaci\u00f3n que \u00e9l tuvo con el ex diputado Roberto Silva Pereira. En la pl\u00e1tica, el dirigente partidario pide medio mill\u00f3n de d\u00f3lares al ex legislador a cambio de desvanecerle los cargos penales.<\/p>","capt":"\u003Cp\u003EImagen tomada a Adolfo T\u00f3rrez el 14 de abril de 2009. Torrez era entonces director departamental de Arena y propietario de una empresa de seguridad privada. Esta fotograf\u00eda fue tomada mientras escuchaba la grabaci\u00f3n de una conversaci\u00f3n que \u00e9l tuvo con el ex diputado Roberto Silva Pereira. En la pl\u00e1tica, el dirigente partidario pide medio mill\u00f3n de d\u00f3lares al ex legislador a cambio de desvanecerle los cargos penales. Foto archivo El Faro | Mauro Arias\u003C\/p\u003E"},"cms-image-000032707-jpg":{"feat":"0","sort":"32707","name":"cms-image-000032707.jpg","link":"https:\/\/elfaro.net\/images\/cms-image-000032707.jpg","path":"https:\/\/elfaro.net\/images\/cms-image-000032707.jpg","back":"","slug":"cms-image-000032707-jpg","text":"","capt":""},"cms-image-000032708-jpg":{"feat":"0","sort":"32708","name":"cms-image-000032708.jpg","link":"https:\/\/elfaro.net\/images\/cms-image-000032708.jpg","path":"https:\/\/elfaro.net\/images\/cms-image-000032708.jpg","back":"","slug":"cms-image-000032708-jpg","text":"","capt":""},"cms-image-000032709-jpg":{"feat":"1","sort":"32709","name":"cms-image-000032709.jpg","link":"https:\/\/elfaro.net\/images\/cms-image-000032709.jpg","path":"https:\/\/elfaro.net\/images\/cms-image-000032709.jpg","back":"","slug":"cms-image-000032709-jpg","text":"","capt":""}},"pict_main__sort":32709,"date":{"live":"2020\/01\/08"},"data_post_dateLive_YY":"2020","data_post_dateLive_MM":"01","data_post_dateLive_DD":"08","text":"\u003Cp\u003E\u003Ciframe src=\"https:\/\/www.youtube.com\/embed\/ty2RKoULwFc\" width=\"560\" height=\"315\" frameborder=\"0\" allowfullscreen=\"\"\u003E\u003C\/iframe\u003E\u003C\/p\u003E\u003Cbr\/\u003E\u003Cbr\/\u003E\u003Cp\u003EEl 20 de marzo de 2008, desde un despacho jur\u00eddico en Los \u00c1ngeles, California, se enlaz\u00f3 a dos personas v\u00eda telef\u00f3nica. Una era Roberto Silva, quien hablaba desde el centro de detenci\u00f3n federal Pinal County, en Florence, Arizona. La otra se encontraba en el aire, 20 minutos antes de aterrizar en el aeropuerto de Ilopango. Era Adolfo T\u00f3rrez, director del partido Arena en el departamento de San Salvador. De los dos, solo el primero, el diputado suplente del PCN, sab\u00eda que la llamada estaba siendo escuchada por otras personas. Gracias a un altavoz colocado sobre la mesa de reuniones del despacho jur\u00eddico en Los \u00c1ngeles, el abogado Joseph Sandoval, uno de sus asistentes legales y un investigador privado -ex agente del FBI- grababan la conversaci\u00f3n. El primer enlace se suspendi\u00f3, pues el ruido de la aeronave no permit\u00eda que T\u00f3rrez escuchara con claridad:\u003C\/p\u003E\u003Cbr\/\u003E\u003Cbr\/\u003E\u003Cblockquote\u003E\u003Cbr\/\u003E\u003Cbr\/\u003E\u003Cp\u003E\u003Cem\u003E-Al\u00f3.\u003C\/em\u003E\u003Cbr \/\u003E\u003Cem\u003E-\u00bfQui\u00e9n habla?\u003C\/em\u003E\u003Cbr \/\u003E\u003Cem\u003E-Roberto, Adolfo.\u003C\/em\u003E\u003Cbr \/\u003E\u003Cem\u003E-\u00bfAh?\u003C\/em\u003E\u003Cbr \/\u003E\u003Cem\u003E-Roberto Silva, Adolfo.\u003C\/em\u003E\u003Cbr \/\u003E\u003Cem\u003E-\u00bfMi amigo?\u003C\/em\u003E\u003Cbr \/\u003E\u003Cem\u003E-S\u00ed, s\u00ed.\u003C\/em\u003E\u003Cbr \/\u003E\u003Cem\u003E-Mir\u00e1, no te oigo.\u003C\/em\u003E\u003Cbr \/\u003E\u003Cem\u003E-Te quiero decir algo: el dinero que me dijiste, que me pediste, no te lo tenemos todo...\u003C\/em\u003E\u003Cbr \/\u003E\u003Cem\u003E-\u00bfEl dinero que te ped\u00ed?\u003C\/em\u003E\u003Cbr \/\u003E\u003Cem\u003E-S\u00ed, no lo tenemos todo porque no lo hemos reunido todo.\u003C\/em\u003E\u003Cbr \/\u003E\u003Cem\u003E-Yo... lo que pasa es que voy... voy volando y voy a aterrizar en unos 20 y 5 minutos...\u003C\/em\u003E\u003Cbr \/\u003E\u003Cem\u003E-S\u00ed, yo te llamo en 20 minutos. Te llamo.\u003C\/em\u003E\u003Cbr \/\u003E\u003Cem\u003E-Llamame en unos 20 minutos cuando est\u00e9 cargando combustible en Ilopango...\u003C\/em\u003E\u003C\/p\u003E\u003Cbr\/\u003E\u003Cbr\/\u003E\u003C\/blockquote\u003E\u003Cbr\/\u003E\u003Cbr\/\u003E\u003Cp\u003E20 minutos despu\u00e9s, Adolfo T\u00f3rrez cargaba combustible en la pista de Ilopango cuando recibi\u00f3 la segunda llamada. Esta vez la se\u00f1al era clara. Sin pre\u00e1mbulos, Silva fue al grano: \u201c\u00bfCu\u00e1nto, con cu\u00e1nto arreglamos todo el problema?\u201d Lo que Silva resume como \u201cel problema\u201d es una serie de cargos en su contra que incluyen lavado de dinero y soborno. Adem\u00e1s que su esposa hab\u00eda sido ya vencida en juicio y guardaba prisi\u00f3n en el Centro de Detenci\u00f3n para Mujeres en Ilopango. T\u00f3rrez present\u00f3 la oferta: asegur\u00f3 que no era conveniente dar a conocer los nombres de las personas que participar\u00edan en la operaci\u00f3n, a quienes describi\u00f3 como sus amigos, gente \u201cde primera categor\u00eda\u201d y \u201cmara bien cercana a los meros meros de todas partes\u201d. El precio: medio mill\u00f3n de d\u00f3lares para desvanecer los cargos y sacar de prisi\u00f3n a Nora Emely Parada de Silva.\u003C\/p\u003E\u003Cbr\/\u003E\u003Cbr\/\u003E\u003Cp\u003EUn poco m\u00e1s adelante en la conversaci\u00f3n, T\u00f3rrez dice que entre las palancas que podr\u00eda activar se encuentran algunos funcionarios del sistema de justicia. Adem\u00e1s, da a entender que hay otras personas involucradas en la negociaci\u00f3n. El dirigente pol\u00edtico habla siempre en plural e involucra a otros actores a quienes s\u00f3lo se refiere como \u201cellos\u201d. En una parte de la charla, le dice a Silva que \u00e9l no podr\u00e1 dar la cara p\u00fablicamente ni tampoco podr\u00e1 hacerlo alguien a quien s\u00f3lo identifica como \u201cel otro chamaco\u201d:\u003C\/p\u003E\u003Cbr\/\u003E\u003Cbr\/\u003E\u003Cblockquote\u003E\u003Cbr\/\u003E\u003Cbr\/\u003E\u003Cp\u003E\u003Cem\u003E-Vaya, Adolfo, \u00bfcu\u00e1nto? \u00bfCon cu\u00e1nto arreglamos todo el problema?\u003C\/em\u003E\u003Cbr \/\u003E\u003Cem\u003E-Mir\u00e1, nosotros hemos platicado...\u00a0 mir\u00e1, te voy a explicar. No te puedo dar los nombres de las personas que van a intervenir, porque no es conveniente (...) Son de primera categor\u00eda todos y amigos m\u00edos. \u00bfYa? (...) Inclusive mara bien cercana a los meros meros de todas partes.\u00a0\u003C\/em\u003E\u003Cem\u003EEllos creen que con medio mill\u00f3n... medio mill\u00f3n, consider\u00e1ndose m\u00e1s que todo para que puedan ayudarse con otra gente. No para nosotros, \u00bfme explico? O sea, ah\u00ed nosotros vamos a ocupar unos abogadones que van a dar la cara, porque yo no me puedo meter, vos sab\u00e9s. Ni se puede meter el otro chamaco. Entonces, la primera garant\u00eda a buscar es sacar a tu esposa, \u00bfya?\u003C\/em\u003E\u003Cbr \/\u003E\u003Cem\u003E-\u00bfY el problema m\u00edo me lo solucionan?\u003C\/em\u003E\u003Cbr \/\u003E\u003Cem\u003E-Al tuyo le vamos a meter de un solo. \u00bfMe explico?\u003C\/em\u003E\u003Cbr \/\u003E\u003Cem\u003E-\u00bfY con cu\u00e1nto? \u00bfCon cu\u00e1nto? \u00bfCon todo eso salimos?\u003C\/em\u003E\u003Cbr \/\u003E\u003Cem\u003E-Nosotros calculamos que con medio mill\u00f3n se van los dos, brother...\u003C\/em\u003E\u003C\/p\u003E\u003Cbr\/\u003E\u003Cbr\/\u003E\u003C\/blockquote\u003E\u003Cbr\/\u003E\u003Cbr\/\u003E\u003Cp\u003EMientras para la defensa de Silva esta conversaci\u00f3n demuestra que T\u00f3rrez intentaba extorsionar a su cliente, el director de Arena alega que esa conversaci\u00f3n no se trataba de una conspiraci\u00f3n para corromper funcionarios o lucrarse \u00e9l, sino para arreglar contactos con bufetes de abogados que pudieran tomar el caso de Silva en El Salvador.\u00a0 \u201cNo es que yo me iba a pagar a m\u00ed, nada de eso. Yo estoy dici\u00e9ndole a \u00e9l: \u2018Los bufetes dicen que es un problema muy grande, pero que puede haber una batalla legal fuerte y que pueden destrabar el caso\u2019 \u201d, asegura T\u00f3rrez.\u003C\/p\u003E\u003Cbr\/\u003E\u003Cbr\/\u003E\u003Cp\u003ESeg\u00fan \u00e9l, su \u00fanica intenci\u00f3n era tender una mano a Silva: \u201cAqu\u00ed hay una persona que atropella (a alguien en ) un veh\u00edculo, se corre, me pide ayuda y yo le ayudo. O sea, no es la primera ni la \u00faltima persona en este mundo a la que yo le he ayudado. Es decir, por lo menos a recibirle una llamada o averiguarle\u2026 Si \u00e9l quiere utilizar esta llamada -que la hizo con dolo por lo que estoy entendiendo- para involucrarme a m\u00ed que lo estaba extorsionando, pues ese hijo de puta es un gran mentiroso. Te lo digo ante Dios: es un gran mentiroso porque yo no me he lucrado ni de \u00e9l ni de nadie\u201d.\u003C\/p\u003E\u003Cbr\/\u003E\u003Cbr\/\u003E\u003Cp\u003EUn a\u00f1o despu\u00e9s de esa llamada telef\u00f3nica, la grabaci\u00f3n est\u00e1 certificada como prueba en un juicio de apelaci\u00f3n de asilo pol\u00edtico en una corte federal estadounidense en Florence, Arizona, y de ella tienen conocimiento el FBI y la embajada de Estados Unidos en El Salvador. T\u00f3rrez reconoce abiertamente que \u00e9l recibi\u00f3 la llamada. \u201c\u00c9l (Silva Pereira) llam\u00f3 a una persona que se llama Adolfo T\u00f3rrez y, como hombre, lo estoy aceptando\u201d, sostiene. Admite que el n\u00famero al que fue hecha es su \u201cn\u00famero privado\u201d. Cuando se marca a ese n\u00famero, lo que suena en el aparato telef\u00f3nico azul es la marcha nacionalista de Arena. En una vi\u00f1eta al dorso del tel\u00e9fono est\u00e1n escritos los mismos ocho d\u00edgitos que la defensa del diputado suplente dice que marc\u00f3 para comunicarse con \u00e9l hace m\u00e1s de un a\u00f1o.\u003C\/p\u003E\u003Cbr\/\u003E\u003Cbr\/\u003E\u003Cp\u003E\u003Cbr\/\u003E \u003Cfigure class=\"pict pict_land pict_move_posc 0 cs_img cs_img--curr rule--ss_c\" data-shot=\"pict\" data-hint=\"pict\"\u003E \u003Cdiv class=\"pict__pobj text-overflow\"\u003E\u003Cimg src=https:\/\/elfaro.net\/get_img?ImageWidth=640&ImageHeight=429&ImageId=1165 class=\"pobj\" style=\"max-width: 100%\" rel=\"resizable\" alt=\"Imagen tomada a Adolfo T\u00f3rrez el 14 de abril de 2009. Torrez era entonces director departamental de Arena y propietario de una empresa de seguridad privada. Esta fotograf\u00eda fue tomada mientras escuchaba la grabaci\u00f3n de una conversaci\u00f3n que \u00e9l tuvo con el ex diputado Roberto Silva Pereira. En la pl\u00e1tica, el dirigente partidario pide medio mill\u00f3n de d\u00f3lares al ex legislador a cambio de desvanecerle los cargos penales. Foto archivo El Faro | Mauro Arias\" \/\u003E\u003C\/div\u003E \u003Cfigcaption class=\"pict__text cs_img_caption folk_content typo_buttons line--ss_s0c line--ss_s0c--auto block full-width text-overflow rule--ss_l relative\"\u003E \u003Cdiv class=\"__content block-inline full-width align-top tint-text--idle relative\"\u003E Imagen tomada a Adolfo T\u00f3rrez el 14 de abril de 2009. Torrez era entonces director departamental de Arena y propietario de una empresa de seguridad privada. Esta fotograf\u00eda fue tomada mientras escuchaba la grabaci\u00f3n de una conversaci\u00f3n que \u00e9l tuvo con el ex diputado Roberto Silva Pereira. En la pl\u00e1tica, el dirigente partidario pide medio mill\u00f3n de d\u00f3lares al ex legislador a cambio de desvanecerle los cargos penales. Foto archivo El Faro | Mauro Arias \u003Cdiv class=\"photographer text_italic rule--ss_l tint-text--idle\"\u003E \u003C\/div\u003E \u003C\/div\u003E \u003C\/figcaption\u003E \u003C\/figure\u003E\u003Cbr\/\u003E\u003C\/p\u003E\u003Cbr\/\u003E\u003Cbr\/\u003E\u003Cp\u003E\u003Cstrong\u003EFBI asegura que dio grabaci\u00f3n a fiscal Safie\u003C\/strong\u003E\u003C\/p\u003E\u003Cbr\/\u003E\u003Cbr\/\u003E\u003Cp\u003ELos problemas legales de Roberto Carlos Silva Pereira empezaron el 25 de septiembre de 2006. A tempranas horas de la ma\u00f1ana, el rumor en la Asamblea Legislativa era que uno o varios diputados \u2013se hablaba de seis pecenistas y uno del PDC- ser\u00edan detenidos por estar vinculados a narcotr\u00e1fico y lavado de dinero. F\u00e9lix Garrid Safie, el fiscal general, junto al jefe de la Unidad de Investigaci\u00f3n Financiera, Rolando Monroy, esclareci\u00f3 todo en una conferencia de prensa en el vest\u00edbulo del edificio parlamentario, despu\u00e9s de que pidi\u00f3 el desafuero del diputado suplente bajo los cargos de soborno -\u201ccohecho\u201d en la jerga jur\u00eddica- y lavado de dinero.\u003C\/p\u003E\u003Cbr\/\u003E\u003Cbr\/\u003E\u003Cp\u003ESilva Pereira hab\u00eda despertado sospechas cuando asisti\u00f3 a la toma de posesi\u00f3n de la legislatura 2006-2009 a bordo de uno de esos carros deportivos de lujo propios de pel\u00edculas: un Maserati negro. Ese 1 de mayo, atr\u00e1s de \u00e9l, su escolta de seguridad lo segu\u00eda de cerca en una no menos ostentosa camioneta Porsche Cayenne. Meses despu\u00e9s las sospechas se intensificaron cuando la Fiscal\u00eda descubri\u00f3 que el grupo familiar del diputado suplente \u2013su esposa y \u00e9l-\u00a0 ten\u00edan bienes inmuebles valorados en 689 mil d\u00f3lares y activos por un mill\u00f3n 546 mil d\u00f3lares m\u00e1s. Seg\u00fan la secci\u00f3n de Probidad de la Corte Suprema de Justicia, el diputado ten\u00eda un ingreso anual que no pod\u00eda superar los 30 mil d\u00f3lares.\u003C\/p\u003E\u003Cbr\/\u003E\u003Cbr\/\u003E\u003Cp\u003ESilva acus\u00f3 a la Fiscal\u00eda de montar un caso de \u201cacoso pol\u00edtico\u201d. \u201cNo estoy en contra de que me investiguen a m\u00ed ni de d\u00f3nde han provenido (los fondos)\u2026 Tenemos constructoras. Ese dinero proviene de las alcald\u00edas a base de un trabajo l\u00edcito. Estoy dando la cara, no estoy detenido\u201d, dijo Silva Pereira y cerr\u00f3 con una petici\u00f3n: \u201cTengo las manos limpias y le pido a la Fiscal\u00eda que esta sea una investigaci\u00f3n objetiva\u201d. Cuando dijo esto, junto a \u00e9l estaba Elizardo Gonz\u00e1lez Lovo, diputado propietario del PCN por La Uni\u00f3n y el \u00fanico que al menos en p\u00fablico le ha apoyado hasta la fecha.\u003C\/p\u003E\u003Cbr\/\u003E\u003Cbr\/\u003E\u003Cp\u003ESafie asegur\u00f3 que como evidencia del delito de cohecho la Fiscal\u00eda ten\u00eda en su poder los cheques que Silva Pereira hab\u00eda emitido a favor de diferentes alcaldes -a manera de soborno- para que le fueran asignados diferentes proyectos de construcci\u00f3n. Las pruebas fueron suficientes para que la Asamblea Legislativa, por unanimidad, quitara el fuero constitucional al diputado suplente el 29 de noviembre de 2006, con lo que abr\u00eda la puerta para que se le procesara judicialmente.\u003C\/p\u003E\u003Cbr\/\u003E\u003Cbr\/\u003E\u003Cp\u003EEl 22 de enero de 2007, Silva Pereira no se present\u00f3 a la audiencia inicial, aduciendo que estaba enfermo. Tres d\u00edas despu\u00e9s, la C\u00e1mara Primera de lo Penal pidi\u00f3 la detenci\u00f3n provisional sin posibilidad de libertad condicional. La Polic\u00eda Nacional Civil (PNC), que para entonces hab\u00eda reducido de 150 a 12 efectivos el n\u00famero de agentes dispuestos para vigilar los pasos del diputado, recibi\u00f3 la orden de captura 18 horas despu\u00e9s de que esta se divulgara p\u00fablicamente. Cuando intent\u00f3 detenerlo, Silva Pereira ten\u00eda dos d\u00edas de haberse fugado de su casa, ante los ojos de la misma PNC, en una residencial privada de Santa Elena, en Antiguo Cuscatl\u00e1n.\u003C\/p\u003E\u003Cbr\/\u003E\u003Cbr\/\u003E\u003Cp\u003EEl escape del diputado enfrent\u00f3 a la Polic\u00eda -encabezada por el entonces director Rodrigo \u00c1vila- y a la Fiscal\u00eda, que se echaban culpas. \u201cLa Fiscal\u00eda en un momento pidi\u00f3 que ya no se le diera vigilancia\u201d, asegur\u00f3 \u00c1vila a la revista Enfoques, de La Prensa Gr\u00e1fica, al tratar de explicar c\u00f3mo fue posible que con un cerco policial a su alrededor, Silva Pereira se esfumara. Sin embargo, Rolando Monroy, fiscal del caso, desminti\u00f3 a \u00c1vila de inmediato. \u201cLa Fiscal\u00eda nunca orden\u00f3 que le quitara la vigilancia. Esa orden no existe\u201d, dijo. Entre dimes y diretes, lo que s\u00ed hicieron las autoridades fue emitir una alerta internacional con difusi\u00f3n roja a Interpol, una orden que permite la detenci\u00f3n provisional con miras a la extradici\u00f3n, y el diputado pas\u00f3 a encabezar el top 10 de los m\u00e1s buscados por la justicia de El Salvador.\u003C\/p\u003E\u003Cbr\/\u003E\u003Cbr\/\u003E\u003Cp\u003EEl 28 de de enero, Silva Pereira mand\u00f3 una carta a diferentes medios de comunicaci\u00f3n expresando que tem\u00eda por su vida, que por ello se encontraba escondido y que no ten\u00eda pensado salir del pa\u00eds. Esto \u00faltimo no lo cumpli\u00f3. El 5 de octubre de 2007, 255 d\u00edas despu\u00e9s de su escape, la PNC, el Ministerio de Seguridad P\u00fablica y la Fiscal\u00eda dieron a conocer que agentes del Departamento de Inmigraci\u00f3n y Aduanas (ICE, por sus siglas en ingl\u00e9s) y del FBI\u00a0 capturaron a Silva Pereira en la ciudad de Anaheim, California, a las 4:40 p.m. (hora local). Horas despu\u00e9s, las autoridades salvadore\u00f1as anunciaron que iniciar\u00edan el proceso de extradici\u00f3n. Sin embargo, la extradici\u00f3n nunca fue solicitada oficialmente a los Estados Unidos. En lugar de eso, Silva Pereira es objeto de un juicio de inmigraci\u00f3n por entrada ilegal a ese pa\u00eds que, de perderlo, derivar\u00eda en su deportaci\u00f3n inmediata.\u003C\/p\u003E\u003Cbr\/\u003E\u003Cbr\/\u003E\u003Cp\u003ELa defensa de Silva Pereira, conducida por la firma Gallagher Sandoval, detuvo el proceso de deportaci\u00f3n por medio de una solicitud de asilo pol\u00edtico. Silva le pide a los Estados Unidos que lo refugie, argumentando que en El Salvador es objeto de persecuci\u00f3n pol\u00edtica. Seg\u00fan los abogados del parlamentario, la grabaci\u00f3n de la conversaci\u00f3n de su cliente con T\u00f3rrez busca demostrar que el diputado no tendr\u00eda un juicio justo en El Salvador y que Silva es v\u00edctima de una extorsi\u00f3n econ\u00f3mica y pol\u00edtica. \u201cArgumentamos que si Adolfo T\u00f3rrez pudo haber hecho que todo desaparezca (los cargos penales) por 300 mil d\u00f3lares, estos procedimientos en contra del se\u00f1or Silva Pereira puede que no sean leg\u00edtimos\u201d, dijo Joseph Sandoval a El Faro, v\u00eda telef\u00f3nica.\u003C\/p\u003E\u003Cbr\/\u003E\u003Cbr\/\u003E\u003Cp\u003EEn el proceso de apelaci\u00f3n, el fiscal del ICE encargado del caso, Jim McCarthy, ha intentado desvirtuar la grabaci\u00f3n entre T\u00f3rrez y Silva Pereira. Su prueba para descalificar la tesis de la defensa es el informe FD-302 del FBI, girado el 24 de julio de 2008 por el agregado jur\u00eddico de la agencia federal en la embajada de Estados Unidos en El Salvador, Leo J. Navarrete. El documento, dirigido a McCarthy, dice que el fiscal general Safie recibi\u00f3 de manos de Navarrete\u00a0 una copia de la grabaci\u00f3n el 2 abril de 2008 y que se le advirti\u00f3 que los presuntos participantes eran Silva Pereira y Adolfo T\u00f3rrez.\u003C\/p\u003E\u003Cbr\/\u003E\u003Cbr\/\u003E\u003Cp\u003EEl Faro obtuvo una copia del informe FD-302, la cual fue validada por la embajada de los Estados Unidos en el pa\u00eds por medio del agregado de prensa y consejero de asuntos p\u00fablicos, Alberto Rodr\u00edguez. \u201cEs una copia fiel del original\u201d, dijo.\u003C\/p\u003E\u003Cbr\/\u003E\u003Cbr\/\u003E\u003Cp\u003ENavarrete detalla en su escrito que, en mayo del a\u00f1o pasado, Safie le asegur\u00f3 que T\u00f3rrez se hab\u00eda contactado con su oficina. El agregado jur\u00eddico a\u00f1ade que en una reuni\u00f3n el 22 de julio, el fiscal general le dijo que no se hab\u00eda abierto ninguna investigaci\u00f3n relacionada con la grabaci\u00f3n telef\u00f3nica por dos razones: \u201cNo se establec\u00eda la autenticidad de la misma; y, adem\u00e1s, que las grabaciones telef\u00f3nicas no son admisibles por la disposici\u00f3n que hay sobre la intercepci\u00f3n telef\u00f3nica en la legislaci\u00f3n salvadore\u00f1a\u201d. McCarthy resta validez a la grabaci\u00f3n argumentando que en El Salvador esta no ha generado una investigaci\u00f3n de parte de la Fiscal\u00eda.\u003C\/p\u003E\u003Cbr\/\u003E\u003Cbr\/\u003E\u003Cp\u003ELa defensa sostiene que es precisamente eso lo que demuestra que las autoridades salvadore\u00f1as no\u00a0 garantizan un juicio justo a su cliente: \u201cSiempre me he preguntado: si el fiscal general tiene una copia de esta cinta, \u00bfpor qu\u00e9 nadie ha hecho nada al respecto?\u201d\u003C\/p\u003E\u003Cbr\/\u003E\u003Cbr\/\u003E\u003Cp\u003ET\u00f3rrez asegura que, unos d\u00edas despu\u00e9s de recibir la llamada de Silva Pereira, acudi\u00f3 al despacho del fiscal general para comentarle de la conversaci\u00f3n. M\u00e1s adelante sugiere incluso que fue el mismo Safie quien le pidi\u00f3 que se pusiera en contacto con el ex diputado, aunque, acto seguido, dice no recordar si en realidad Safie le hizo esa petici\u00f3n: \u201cHubo un momento en que yo le cont\u00e9 a \u00e9l (Safie) que supuestamente dec\u00edan que este cabr\u00f3n me iba a llamar... no me acuerdo, esp\u00e9rense... quiero amarrar bien, porque tendr\u00eda que hablar con el fiscal\u00f3n -le voy a hablar ahora que ustedes se vayan-, yo creo que le coment\u00e9 a \u00e9l que este cabr\u00f3n me iba a llamar... Yo creo que yo le dije: \u2018Mir\u00e1, parece que este hijueputa\u00a0 es el que me anda buscando, como que me va a llamar\u2019. Fue cuando \u00e9l me dijo: \u2018Agarrale la llamada y me cont\u00e1s lo que habl\u00e1s\u2019... Es que no me acuerdo, yo quiero dejar claro: de eso no me acuerdo\u201d.\u003C\/p\u003E\u003Cbr\/\u003E\u003Cbr\/\u003E\u003Cp\u003EEl Faro intent\u00f3 por diversas v\u00edas conversar con el fiscal general. Al cierre de este art\u00edculo, Safie a\u00fan no hab\u00eda atendido la solicitud.\u003C\/p\u003E\u003Cbr\/\u003E\u003Cbr\/\u003E\u003Cp\u003EPara establecer la autenticidad de la llamada, la defensa hizo comparecer en el juicio al diputado pecenista Elizardo Gonz\u00e1lez Lovo. El abogado Sandoval asegur\u00f3 a este peri\u00f3dico que, bajo juramento, el diputado salvadore\u00f1o \u201ctestific\u00f3 que estaba 100% seguro de que era una conversaci\u00f3n entre T\u00f3rrez y Silva Pereira.\u201d El Faro concert\u00f3 una entrevista con Gonz\u00e1lez Lovo para este martes 14, sin embargo, horas antes de la reuni\u00f3n, dijo v\u00eda telef\u00f3nica que su agenda no le permitir\u00eda atender la cita.\u003C\/p\u003E\u003Cbr\/\u003E\u003Cbr\/\u003E\u003Cp\u003EEl proceso contra Silva Pereira sigui\u00f3 su curso en Estados Unidos y el 11 de agosto de 2008, el juez Scott M. Jeffries deneg\u00f3 la solicitud de asilo. El caso se encuentra en fase de apelaci\u00f3n y la grabaci\u00f3n sigue siendo una prueba de la defensa.\u003C\/p\u003E\u003Cbr\/\u003E\u003Cbr\/\u003E\u003Cp\u003ELa defensa de Silva Pereira contact\u00f3 a la redacci\u00f3n de El Faro en octubre de 2008 para ofrecer una copia de la grabaci\u00f3n. Meses despu\u00e9s, seg\u00fan Sandoval, el mismo diputado autoriz\u00f3 la difusi\u00f3n de la prueba y de los documentos relacionados: \u201cHabl\u00e9 con Roberto Silva Pereira el s\u00e1bado (14 de marzo) de forma personal en Arizona y \u00e9l incluso me autoriz\u00f3, en sus propias palabras, para tomar el liderazgo en su nombre. \u00c9l me dio la autoridad para proveerle estos documentos y los documentos que ustedes tienen son parte del proceso de migraci\u00f3n y eventualmente van a ser parte p\u00fablica cuando este caso se vaya a la corte del noveno circuito\u201d.\u003C\/p\u003E\u003Cbr\/\u003E\u003Cbr\/\u003E\u003Cp\u003EDos a\u00f1os y medio despu\u00e9s de que los problemas legales de Silva Pereira comenzaron, estos parecen lejos del final. Hace dos meses, a mediados de febrero, la Fiscal\u00eda guatemalteca inform\u00f3 que seg\u00fan sus investigaciones,\u00a0\u003Ca href=\"https:\/\/web.archive.org\/web\/20141006014005\/http:\/\/www.elfaro.net\/secciones\/Noticias\/20090223\/noticias4_20090223.asp\" target=\"_blank\"\u003Eel diputado suplente era el autor intelectual\u003C\/a\u003E\u00a0del asesinato de tres legisladores salvadore\u00f1os del partido Arena y su motorista. El crimen ocurri\u00f3 en febrero de 2007, cuando los pol\u00edticos se dirig\u00edan hacia la capital guatemalteca a participar en una sesi\u00f3n del Parlamento Centroamericano, al que pertenec\u00edan. En la entrada a la capital fueron interceptados por polic\u00edas que eventualmente los torturaron y los asesinaron.\u003C\/p\u003E\u003Cbr\/\u003E\u003Cbr\/\u003E\u003Cp\u003EEl fiscal guatemalteco Edwin Marroqu\u00edn dijo que investigaban dos posibles m\u00f3viles: que Silva Pereira hab\u00eda querido vengarse de Arena porque apoy\u00f3 su desafuero en la Asamblea Legislativa, y que los fallecidos iban a llevar dinero o droga hacia Guatemala. A partir de esto, Marroqu\u00edn anunci\u00f3 que iban a pedir la extradici\u00f3n de Silva Pereira.\u003C\/p\u003E\u003Cbr\/\u003E\u003Cbr\/\u003E\u003Cp\u003E\u003Cstrong\u003ELos \u201camigos de primera categor\u00eda\u201d\u003C\/strong\u003E\u003C\/p\u003E\u003Cbr\/\u003E\u003Cbr\/\u003E\u003Cp\u003EDurante la conversaci\u00f3n grabada en el despacho Gallagher Sandoval por el abogado de Silva Pereira, despu\u00e9s de que el diputado asegurara que no pod\u00eda reunir el medio mill\u00f3n de d\u00f3lares, indag\u00f3 con cu\u00e1nto su interlocutor pod\u00eda empezar el trabajo. T\u00f3rrez solicit\u00f3 un adelanto de 300 mil d\u00f3lares para iniciar las negociaciones, sin embargo, se cuid\u00f3 de ofrecer detalles, como por ejemplo la identificaci\u00f3n de las personas que iban a ayudarle: \u201cNo me quiero abrir mucho por tel\u00e9fono\u201d. En un intento por dejar en evidencia a los contactos de T\u00f3rrez, Silva pregunt\u00f3 qui\u00e9nes ser\u00edan sobornados. T\u00f3rrez rehuy\u00f3 a dar una respuesta precisa y se limit\u00f3 a asegurar que los fiscales del caso no le preocupaban, aunque ofreci\u00f3 algunos indicios de qu\u00e9 puertas ten\u00eda pensado tocar: \u201c\u2026 Por aqu\u00ed, por all\u00e1, por el juez, por el otro, por el magistrado, etc\u00e9tera, etc\u00e9tera...\u201d\u003C\/p\u003E\u003Cbr\/\u003E\u003Cbr\/\u003E\u003Cp\u003ELuego de haber afinado el precio de la operaci\u00f3n en medio mill\u00f3n de d\u00f3lares y de haber establecido que el pago inclu\u00eda el desvanecimiento de los cargos que pesaban contra Silva y su esposa, el dirigente arenero le asegur\u00f3 al legislador no tener ninguna duda sobre su propia capacidad de influir en el sistema judicial del pa\u00eds: \u201cUna cosa s\u00ed te puedo garantizar, cabr\u00f3n, que se va, se va para fuera ella; y que te sacamos, \u00a1te sacamos, cabr\u00f3n!\u201d. Durante la charla telef\u00f3nica, el diputado tambi\u00e9n hizo referencia al cargo que ostenta su interlocutor y a las posibilidades de influencia que este le brinda:\u003C\/p\u003E\u003Cbr\/\u003E\u003Cbr\/\u003E\u003Cblockquote\u003E\u003Cbr\/\u003E\u003Cbr\/\u003E\u003Cp\u003E\u003Cem\u003E-Paso uno, paso uno es que hablaste conmigo y con ellos. Paso dos, vamos a hacer un estudio completo, independiente, de ella y de vos, \u00bfme entend\u00e9s?\u003C\/em\u003E\u003Cbr \/\u003E\u003Cem\u003E-OK. O\u00edme, o\u00edme lo que te quiero decir, pero... y... \u00bfcu\u00e1nto le van a dar ustedes, pues, supuestamente ah\u00ed a los fiscales y a los se\u00f1ores, pues?\u003C\/em\u003E\u003Cbr \/\u003E\u003Cem\u003E-Mir\u00e1, ah\u00ed... los fiscales no me preocupan porque no es ah\u00ed la cosa. \u00bfYa?\u003C\/em\u003E\u003Cbr \/\u003E\u003Cem\u003E-\u00bfA d\u00f3nde es, pues?\u003C\/em\u003E\u003Cbr \/\u003E\u003Cem\u003E-Los fiscales le van... los fiscales lo vamos a hablar nosotros, \u00bfya?\u003C\/em\u003E\u003Cbr \/\u003E\u003Cem\u003E-Aj\u00e1.\u003C\/em\u003E\u003Cbr \/\u003E\u003Cem\u003E-Ese, ese no nos preocupa. Es una batalla legal, de fundamento. Ah\u00ed van a ir los abogados, que van a estar detr\u00e1s de lo que ya ten\u00e9s. Porque por eso es que quiero quedar con tu hermano... Ya no s\u00f3lo por el dinero, sino saber qui\u00e9nes son los que est\u00e1n dentro de todo esto. \u00bfYa?\u003C\/em\u003E\u003Cbr \/\u003E\u003Cem\u003E-Pero o\u00edme, pero si vos mand\u00e1s, pues. Vos sab\u00e9s, pues... \u00bfvos no sab\u00e9s el puesto que ten\u00e9s? Vos pod\u00e9s dar las \u00f3rdenes, pues.\u003C\/em\u003E\u003C\/p\u003E\u003Cbr\/\u003E\u003Cbr\/\u003E\u003C\/blockquote\u003E\u003Cbr\/\u003E\u003Cbr\/\u003E\u003Cp\u003EAdolfo T\u00f3rrez es el responsable de mantener activos a los militantes areneros en el departamento con m\u00e1s poblaci\u00f3n del pa\u00eds. Hay quienes le atribuyen un significativo peso en las decisiones del partido Arena. Luego de la campa\u00f1a\u00a0 interna arenera para seleccionar al candidato a la presidencia, la vicepresidenta de la Rep\u00fablica lo acus\u00f3 de haber jugado sucio para evitar que fuera ella la candidata presidencial.\u003C\/p\u003E\u003Cbr\/\u003E\u003Cbr\/\u003E\u003Cp\u003ET\u00f3rrez es tambi\u00e9n conocido por ser un empresario de los servicios de seguridad privada. Es propietario de la compa\u00f1\u00eda Servicios Conjuntos de Seguridad (Serconse). Durante las pasadas elecciones de alcaldes y diputados, algunos agentes de seguridad empleados por Serconse fueron detenidos en San Salvador despu\u00e9s de que aseguraron que su empresa les pagar\u00eda 12 d\u00f3lares a cambio de votar por Arena. Pese a que al lugar de la captura acudieron elementos de la Fiscal\u00eda, de la Procuradur\u00eda de Derechos Humanos y de otros organismos, nunca se investig\u00f3 nada.\u003C\/p\u003E\u003Cbr\/\u003E\u003Cbr\/\u003E\u003Cblockquote\u003E\u003Cbr\/\u003E\u003Cbr\/\u003E\u003Cp\u003E\u003Cem\u003E-Por eso, no... Eso lo vamos a hacer, brother. Pero ten\u00e9s que entender una cosa: Vamos a hacer el estudio, \u00bfme explico? El estudio por d\u00f3nde vamos a entrar: por aqu\u00ed, por all\u00e1, por el juez, por el otro, por el magistrado, etc\u00e9tera, etc\u00e9tera. \u00bfYa?\u003C\/em\u003E\u003Cbr \/\u003E\u003Cem\u003E-OK.\u003C\/em\u003E\u003Cbr \/\u003E\u003Cem\u003E-Claro, por eso no me quiero abrir mucho por tel\u00e9fono. Por eso quiero hablar con tu hermano, yo. Yo lo que te quiero decir es una cosa. Una cosa s\u00ed te puedo garantizar, cabr\u00f3n, que se va, se va para fuera ella; y que te sacamos, \u00a1te sacamos, cabr\u00f3n! No te preocup\u00e9s, cabr\u00f3n. Si mir\u00e1, los hijos de puta con los que yo platico son tigres. Y fundamento hay suficiente para rompernos la madre legalmente (...)\u003C\/em\u003E\u003Cbr \/\u003E\u003Cem\u003E-Vaya. \u00bfY con cu\u00e1nto ahorita podremos iniciar? \u00bfCon cu\u00e1nto te puedo dar si no lo tengo todo?\u003C\/em\u003E\u003Cbr \/\u003E\u003Cem\u003E-Met\u00e9 unas 300, por lo menos.\u003C\/em\u003E\u003Cbr \/\u003E\u003Cem\u003E-\u00bfCu\u00e1nto? \u00bf300 mil d\u00f3lares?\u003C\/em\u003E\u003Cbr \/\u003E\u003Cem\u003E-S\u00ed, por lo menos, para que ellos ya est\u00e9n en capacidad de negociar, pues.\u003C\/em\u003E\u003Cbr \/\u003E\u003Cem\u003E-OK. Yo te llamo. Viste, mir\u00e1, se me est\u00e1 cortando... yo te voy a volver a llamar.\u003C\/em\u003E\u003C\/p\u003E\u003Cbr\/\u003E\u003Cbr\/\u003E\u003C\/blockquote\u003E\u003Cbr\/\u003E\u003Cbr\/\u003E\u003Cp\u003ET\u00f3rrez asegura que nunca sugiri\u00f3 que sobornar\u00eda a jueces o magistrados, que lo \u00fanico que intentaba decir es que recorrer\u00eda todas las instancias involucradas en el caso para tener claridad sobre el proceso: \u201cEs que ah\u00ed no estoy diciendo yo que le voy a dar dinero a ellos, en ning\u00fan momento estoy diciendo eso. \u00a1En ning\u00fan momento! Estoy diciendo que vamos a ver si el caso se va a ver en la Fiscal\u00eda, en los juzgados, o en qu\u00e9 instancia, eso es lo que le estoy diciendo yo. No estoy diciendo que le voy a dar dinero\u201d.\u003C\/p\u003E\u003Cbr\/\u003E\u003Cbr\/\u003E\u003Cp style=\"text-align: right;\"\u003E\u003Cem\u003E*\u003Ca href=\"https:\/\/web.archive.org\/web\/20141006014005\/http:\/\/archivo.elfaro.net\/secciones\/noticias\/20090413\/noticias4_20090413.asp\" target=\"_blank\"\u003ELea la publicaci\u00f3n original de esta investigaci\u00f3n en este enlace\u003C\/a\u003E.\u00a0\u003C\/em\u003E\u003C\/p\u003E"}