{"code":"25136","sect":"Columnas","sect_slug":"columnas","hits":"664","link":"https:\/\/elfaro.net\/es\/202101\/columnas\/25136","link_edit":"","name":"Vi gente correr","slug":"vi-gente-correr","info":"Alguien puede pensar en los boleros y en los tangos como una especie en extinci\u00f3n. El duelo por la muerte de Manzanero demuestra que no.","mtag":"Cultura","noun":{"html":"\u003Cspan class='tint-text--dark' data_href='\/user\/profile\/sram%C3%ADrez'\u003E Sergio Ram\u00edrez\u003C\/span\u003E","data":{"sergio-ramirez":{"sort":"sram\u00edrez","slug":"sergio-ramirez","path":"sergio_ramirez","name":"Sergio Ram\u00edrez","edge":"0","init":"0"}}},"view":"664","pict":{"cms-image-000024217-jpg":{"feat":"1","sort":"24217","name":"cms-image-000024217.jpg","link":"https:\/\/elfaro.net\/images\/cms-image-000024217.jpg","path":"https:\/\/elfaro.net\/images\/cms-image-000024217.jpg","back":"","slug":"cms-image-000024217-jpg","text":"<p>Sergio Ram\u00edrez en un retrato de Daniel Mordzinski \u00a9<\/p>","capt":"\u003Cp\u003ESergio Ram\u00edrez en un retrato de Daniel Mordzinski \u00a9\u003C\/p\u003E"},"cms-image-000023431-jpg":{"feat":"0","sort":"23431","name":"cms-image-000023431.jpg","link":"https:\/\/elfaro.net\/images\/cms-image-000023431.jpg","path":"https:\/\/elfaro.net\/images\/cms-image-000023431.jpg","back":"","slug":"cms-image-000023431-jpg","text":"<p>Sergio Ram\u00edrez, escritor nicarag\u00fcense. Premio Carlos Fuentes, Premio Alfaguara de Novela y Premio Miguel de Cervantes.<\/p>","capt":"\u003Cp\u003ESergio Ram\u00edrez, escritor nicarag\u00fcense. Premio Carlos Fuentes, Premio Alfaguara de Novela y Premio Miguel de Cervantes.\u003C\/p\u003E"}},"pict_main__sort":24217,"date":{"live":"2021\/01\/14"},"data_post_dateLive_YY":"2021","data_post_dateLive_MM":"01","data_post_dateLive_DD":"14","text":"\u003Cp\u003ESe cuenta que el poeta Jaime Gil de Biedma pregunt\u00f3 al cr\u00edtico literario y sabio ling\u00fcista Francisco Rico cu\u00e1l era el verso mejor logrado del bolero \u003Cem\u003EEsta tarde vi llover\u003C\/em\u003E, del tan llorado en estos d\u00edas Armando Manzanero; y el acad\u00e9mico respondi\u00f3, sin vacilar, que era \u201cvi gente correr\u201d, que se muestra esplendente y oportuno entre los dem\u00e1s de la estrofa: \u201cesta tarde vi llover\/vi gente correr\/y no estabas t\u00fa\u201d.\u003C\/p\u003E\u003Cbr\/\u003E\u003Cbr\/\u003E\u003Cp\u003ELa evocaci\u00f3n de la ausencia que el compositor pretend\u00eda, queda consumada. Y ya puede seguir adelante con la necesaria, y tan sentida, banalidad del resto de la canci\u00f3n.\u003C\/p\u003E\u003Cbr\/\u003E\u003Cbr\/\u003E\u003Cp\u003ECon los boleros y los tangos pasa lo mismo que con la poes\u00eda en general, que hay versos m\u00e1s oportunos que otros, y algunos son claves para producir esa luminosidad que se tiende entre los sentimientos de quien lee con los que inspiraron a quien compuso el poema o la canci\u00f3n, sea Gustavo Adolfo B\u00e9cquer o Armando Manzanero.\u003C\/p\u003E\u003Cbr\/\u003E\u003Cbr\/\u003E\u003Cp\u003EGarc\u00eda M\u00e1rquez, mago de las hip\u00e9rboles, dijo alguna vez que Manzanero era \u201cuno de los m\u00e1s grandes poetas actuales de la lengua castellana\u201d; y Carlos Monsiv\u00e1is le atribu\u00eda la virtud de haber llevado a la gente a vivir un \u201cinevitable enamoramiento del amor\u201d.\u00a0 Que es lo que hace toda poes\u00eda amorosa cuando es efectiva y suficiente.\u003C\/p\u003E\u003Cbr\/\u003E\u003Cbr\/\u003E\u003Cp\u003EManzanero viene a resultar un poeta de tono apacible, lejos de la confrontaci\u00f3n que presupone toda canci\u00f3n de Jos\u00e9 Alfredo Jim\u00e9nez, para poner un caso. En esas rancheras siempre se paga un precio por el desgarramiento de la ausencia, expresado en reclamos desconsolados. Nadie sale indemne de lo que el poeta latino Horacio llamaba \u201clas lides del amor\u201d, siempre un combate cruento que deja heridas incurables.\u003C\/p\u003E\u003Cbr\/\u003E\u003Cbr\/\u003E\u003Cp\u003EPor el contrario, la atm\u00f3sfera de Manzanero es siempre dulzona, en clave de elogio y exaltaci\u00f3n, m\u00e1s cerca de la mujer divina a la que canta Agust\u00edn Lara, aunque para este la musa sea la aventurera que vende su amor, poniendo precio a su pecado. La excelsa l\u00edrica del burdel que Daniel Santos llevar\u00e1 al paroxismo en \u003Cem\u003EVirgen de medianoche\u003C\/em\u003E.\u003C\/p\u003E\u003Cbr\/\u003E\u003Cbr\/\u003E\u003Cp\u003ENo se puede establecer una l\u00ednea divisoria tajante entre lo que se da en llamar poes\u00eda culta y las letras de las canciones que muchos cantan entre copas, o mientras se duchan, pero que no ser\u00edan capaces de autorizar a que figuren en las antolog\u00edas de la poes\u00eda castellana.\u00a0\u00a0\u00a0\u00a0\u00a0\u003C\/p\u003E\u003Cbr\/\u003E\u003Cbr\/\u003E\u003Cp\u003EAlgunos despachan el asunto metiendo toda la m\u00fasica popular en el caj\u00f3n de desechos de lo cursi, lo cual es a todas luces injusto. Hay letras cursis, claro, que explotan de manera bastante primaria, para no decir descarada, los sentimientos amorosos, que nunca dejan de tener una carga lacrim\u00f3gena. Pero eso pasa tambi\u00e9n con mucha de la poes\u00eda de enamoramientos que leemos.\u003C\/p\u003E\u003Cbr\/\u003E\u003Cbr\/\u003E\u003Cp\u003EEntendamos entonces que hay poes\u00eda para leerse y poes\u00eda para cantarse, o para ser escuchada desde la penumbra amorosa donde la vida tantas veces nos coloca y nos vuelve propensos a las emociones y evocaciones que llevan a la l\u00e1grima f\u00e1cil.\u003C\/p\u003E\u003Cbr\/\u003E\u003Cbr\/\u003E\u003Cp\u003ENadie ha defendido con m\u00e1s valent\u00eda el territorio sagrado de lo cursi que el propio Agust\u00edn Lara, quien se reconoc\u00eda \u00e9l mismo como tal, y explicaba a fondo la cursiler\u00eda, como lo hace en una entrevista muy l\u00facida publicada en la revista mexicana \u003Cem\u003ESiempre!\u003C\/em\u003E en 1960: \u201cHe amado y he tenido la gloriosa dicha de que me amen. Soy rid\u00edculamente cursi y me encanta serlo. Porque la m\u00eda es una sinceridad que otros reh\u00fayen\u2026rid\u00edculamente. Cualquiera que es rom\u00e1ntico tiene un fino sentido de lo cursi y no desecharlo es una posici\u00f3n de inteligencia\u201d.\u003C\/p\u003E\u003Cbr\/\u003E\u003Cbr\/\u003E\u003Cp\u003EAgust\u00edn Lara es un poeta modernista tard\u00edo. Los grandes del modernismo supieron sortear muchos de los escollos tramposos de la cursiler\u00eda, riesgo constante que corr\u00edan por haber armado una parafernalia de decorados de cart\u00f3n piedra en sus escenarios, arrastrando no pocas de sus raras combinaciones verbales desde el simbolismo franc\u00e9s. Y Lara se luce al poner pie en esos jardines donde el extrav\u00edo tiene el color azul: \u003Cem\u003Eel hast\u00edo es pavorreal\/que se aburre de luz en la tarde\u2026\u003C\/em\u003E\u003C\/p\u003E\u003Cbr\/\u003E\u003Cbr\/\u003E\u003Cp\u003EQueda demostrado que la cursiler\u00eda, a la que tanto se teme, es esencial a la condici\u00f3n humana, y en poetas como Agust\u00edn Lara se eleva a las cotas de lo sublime. Pero no todo es cursiler\u00eda, ni todo se mueve en ese espacio sospechoso de lo que podr\u00eda ser cursi y por eso le tememos. Alfredo Lepera, por ejemplo, que escrib\u00eda las letras de los tangos de Gardel, es un poeta sin ambages, capaz de usar las palabras en su desnudez precisa y directa, y basta citar el inmarcesible tango \u003Cem\u003EVolver\u003C\/em\u003E: \u201cPero el viajero que huye\/ tarde o temprano\/ detiene su andar\u201d\u003Cem\u003E, \u003C\/em\u003Ees un verso que suena a Borges o recuerda a Onetti.\u003C\/p\u003E\u003Cbr\/\u003E\u003Cbr\/\u003E\u003Cp\u003EEl tango, igual que el bolero, es herencia del modernismo. \u201cT\u00fa que llenas todo de \u00a0alegr\u00eda y juventud\/Y ves fantasmas en la luna de trasluz\/Y oyes el canto perfumado del azul\/Vete de m\u00ed...\u201d, sigue cantando hasta la eternidad \u003Cem\u003EBola de Nieve\u003C\/em\u003E, el bolero de Homero Exp\u00f3sito, que en tantos sentidos es un tango.\u003C\/p\u003E\u003Cbr\/\u003E\u003Cbr\/\u003E\u003Cp\u003EY el verso de Tom\u00e1s M\u00e9ndez de \u201cCucurrucuc\u00fa paloma: c\u00f3mo sufri\u00f3 por ella que hasta en su muerte la fue llamando\u201d\u003Cem\u003E, \u003C\/em\u003E\u00bfno parecer ser parte de las estrofas en prosa de Juan Rulfo, alaridos \u00edngrimos en la desolaci\u00f3n del p\u00e1ramo mexicano?\u003C\/p\u003E\u003Cbr\/\u003E\u003Cbr\/\u003E\u003Cp\u003ECrec\u00ed entre t\u00edos m\u00fasicos que compon\u00edan boleros y valses, y me admiro siempre de su sensibilidad para las palabras recogidas entre la pobreza en que viv\u00edan. Y esas palabras, anotadas en las partituras, surg\u00edan como joyas entre la broza natural de la cursiler\u00eda, que era tan natural en sus vidas como lo era la belleza.\u003C\/p\u003E\u003Cbr\/\u003E\u003Cbr\/\u003E\u003Cp\u003EAlguien puede pensar en los boleros y en los tangos como una especie en extinci\u00f3n. El duelo por la muerte de Manzanero demuestra que no. Esto de la inspiraci\u00f3n, que en tiempos posmodernos parecer\u00eda ser palabra maldita por vergonzante, no es m\u00e1s que la caza furtiva de las palabras precisas, y de las combinaciones felices de palabras, que en las canciones seguir\u00e1n surgiendo desde abajo, desde el olimpo del arrabal.\u003C\/p\u003E\u003Cbr\/\u003E\u003Cbr\/\u003E\u003Cp\u003E\u003Cbr\/\u003E \u003Cfigure class=\"pict pict_land pict_move_posc 0 cs_img cs_img--curr rule--ss_c\" data-shot=\"pict\" data-hint=\"pict\"\u003E \u003Cdiv class=\"pict__pobj text-overflow\"\u003E\u003Cimg src=https:\/\/elfaro.net\/get_img?ImageWidth=960&ImageHeight=638&ImageId=23431 class=\"pobj\" style=\"max-width: 100%\" rel=\"resizable\" alt=\"Sergio Ram\u00edrez, escritor nicarag\u00fcense. Premio Carlos Fuentes, Premio Alfaguara de Novela y Premio Miguel de Cervantes.\" \/\u003E\u003C\/div\u003E \u003Cfigcaption class=\"pict__text cs_img_caption folk_content typo_buttons line--ss_s0c line--ss_s0c--auto block full-width text-overflow rule--ss_l relative\"\u003E \u003Cdiv class=\"__content block-inline full-width align-top tint-text--idle relative\"\u003E Sergio Ram\u00edrez, escritor nicarag\u00fcense. Premio Carlos Fuentes, Premio Alfaguara de Novela y Premio Miguel de Cervantes. \u003C\/div\u003E \u003C\/figcaption\u003E \u003C\/figure\u003E\u003Cbr\/\u003E\u003C\/p\u003E"}