{"code":"26918","sect":"Centroam\u00e9rica","sect_slug":"centroamerica","hits":"510","link":"https:\/\/elfaro.net\/es\/202307\/centroamerica\/26918","link_edit":"","name":"Fracasan negociaciones para liberar a monse\u00f1or Rolando \u00c1lvarez","slug":"fracasan-negociaciones-para-liberar-a-monsenor-rolando-alvarez","info":"Las negociaciones entre El Vaticano, el gobierno de Nicaragua y la Conferencia Episcopal para lograr la liberaci\u00f3n del obispo de Matagalpa, que se reh\u00fasa al destierro, fracasaron debido a que el obispo no acept\u00f3 la condici\u00f3n de expatriarse de la misma forma a la que fueron obligados los 221 presos pol\u00edticos liberados en febrero 2023.","mtag":"Impunidad","noun":{"html":"Redacci\u00f3n Confidencial","data":{"redaccion-confidencial":{"sort":"","slug":"redaccion-confidencial","path":"redaccion_confidencial","name":"Redacci\u00f3n Confidencial","edge":"0","init":"0"}}},"view":"510","pict":{"cms-image-000039193-jpeg":{"feat":"1","sort":"39193","name":"cms-image-000039193.jpeg","link":"https:\/\/elfaro.net\/images\/cms-image-000039193.jpeg","path":"https:\/\/elfaro.net\/images\/cms-image-000039193.jpeg","back":"","slug":"cms-image-000039193-jpeg","text":"<p>Nicarag\u00fcenses exiliados en Costa Rica participan en una protesta para exigir la liberaci\u00f3n del arzobispo Rolando \u00c1lvarez, quien se neg\u00f3 a ser abordar el avi\u00f3n que traslad\u00f3 a m\u00e1s de 200 presos pol\u00edticos hacia Washington D.C. para su liberaci\u00f3n. Foto de El Faro: Ezequiel Becerra.<\/p>","capt":"\u003Cp\u003ENicarag\u00fcenses exiliados en Costa Rica participan en una protesta para exigir la liberaci\u00f3n del arzobispo Rolando \u00c1lvarez, quien se neg\u00f3 a ser abordar el avi\u00f3n que traslad\u00f3 a m\u00e1s de 200 presos pol\u00edticos hacia Washington D.C. para su liberaci\u00f3n. Foto de El Faro: Ezequiel Becerra.\u003C\/p\u003E"}},"pict_main__sort":39193,"date":{"live":"2023\/07\/06"},"data_post_dateLive_YY":"2023","data_post_dateLive_MM":"07","data_post_dateLive_DD":"06","text":"\u003Cp\u003EEl obispo de Matagalpa y administrador apost\u00f3lico de la di\u00f3cesis de Estel\u00ed, monse\u00f1or Rolando Jos\u00e9 \u00c1lvarez, que hab\u00eda sido excarcelado de la c\u00e1rcel La Modelo a inicios de esta semana como parte de una negociaci\u00f3n entre el Vaticano, el Gobierno y la Conferencia Episcopal, fue regresado a su celda de m\u00e1xima seguridad la ma\u00f1ana de este mi\u00e9rcoles 5 de julio, al no alcanzarse un acuerdo para lograr su liberaci\u00f3n definitiva.\u003C\/p\u003E\u003Cbr\/\u003E\u003Cbr\/\u003E\u003Cp\u003EFuentes eclesiales y diplom\u00e1ticas revelaron a CONFIDENCIAL que el Vaticano envi\u00f3 a Managua a un representante diplom\u00e1tico de su Secretar\u00eda de Relaciones Exteriores para negociar con el Gobierno de Nicaragua la excarcelaci\u00f3n y el exilio de monse\u00f1or Rolando \u00c1lvarez.\u003C\/p\u003E\u003Cbr\/\u003E\u003Cbr\/\u003E\u003Cp\u003ESin embargo, el obispo no acept\u00f3 los t\u00e9rminos impuestos para su destierro. Una fuente vinculada la Iglesia record\u00f3 que desde agosto de 2022, cuando el r\u00e9gimen de Daniel Ortega impuso un cerco policial en la curia de Matagalpa, monse\u00f1or Rolando \u00c1lvarez se ha rehusado a aceptar la opci\u00f3n del destierro o el exilio que le pretenden imponer, y reclama su libertad incondicional y la de todos los sacerdotes encarcelados. Por esa misma raz\u00f3n de principios, se rehus\u00f3 a aceptar el destierro que el r\u00e9gimen impuso a otros 221 presos pol\u00edticos, entre ellos varios sacerdotes, el 9 de febrero.\u003C\/p\u003E\u003Cbr\/\u003E\u003Cbr\/\u003E\u003Cp\u003E\u201cLa \u00fanica circunstancia en la que monse\u00f1or \u00c1lvarez aceptar\u00eda irse al exilio es si el papa Francisco se lo pide o se lo ordena, y eso no ocurri\u00f3 antes, ni tampoco ha ocurrido en las pl\u00e1ticas que llevaron a cabo esta semana con un representante diplom\u00e1tico del Vaticano\u201d, explic\u00f3 la fuente.\u003C\/p\u003E\u003Cbr\/\u003E\u003Cbr\/\u003E\u003Cp\u003E\u003Cbr\/\u003E \u003Cfigure class=\"pict pict_land pict_move_posc 0 cs_img cs_img--curr rule--ss_c\" data-shot=\"pict\" data-hint=\"pict\"\u003E \u003Cdiv class=\"pict__pobj text-overflow\"\u003E\u003Cimg src=https:\/\/elfaro.net\/get_img?ImageWidth=3000&ImageHeight=3979&ImageId=39193 class=\"pobj\" style=\"max-width: 100%\" rel=\"resizable\" alt=\"Nicarag\u00fcenses exiliados en Costa Rica participan en una protesta para exigir la liberaci\u00f3n del arzobispo Rolando \u00c1lvarez, quien se neg\u00f3 a ser abordar el avi\u00f3n que traslad\u00f3 a m\u00e1s de 200 presos pol\u00edticos hacia Washington D.C. para su liberaci\u00f3n. Foto de El Faro: Ezequiel Becerra.\" \/\u003E\u003C\/div\u003E \u003Cfigcaption class=\"pict__text cs_img_caption folk_content typo_buttons line--ss_s0c line--ss_s0c--auto block full-width text-overflow rule--ss_l relative\"\u003E \u003Cdiv class=\"__content block-inline full-width align-top tint-text--idle relative\"\u003E Nicarag\u00fcenses exiliados en Costa Rica participan en una protesta para exigir la liberaci\u00f3n del arzobispo Rolando \u00c1lvarez, quien se neg\u00f3 a ser abordar el avi\u00f3n que traslad\u00f3 a m\u00e1s de 200 presos pol\u00edticos hacia Washington D.C. para su liberaci\u00f3n. Foto de El Faro: Ezequiel Becerra. \u003Cdiv class=\"photographer text_italic rule--ss_l tint-text--idle\"\u003E \u003C\/div\u003E \u003C\/div\u003E \u003C\/figcaption\u003E \u003C\/figure\u003E\u003Cbr\/\u003E\u003C\/p\u003E\u003Cbr\/\u003E\u003Cbr\/\u003E\u003Cp\u003EPor su parte, el cardenal Leopoldo Brenes en declaraciones a algunos medios de comunicaci\u00f3n calific\u00f3 como \u201cpura especulaci\u00f3n\u201d la noticia de la excarcelaci\u00f3n de monse\u00f1or Rolando \u00c1lvarez y dijo que \u201c\u00e9l se mantiene en la c\u00e1rcel La Modelo\u201d, donde el Arzobispo no ha tenido contacto con el obispo, aunque si miembros de su familia.\u003C\/p\u003E\u003Cbr\/\u003E\u003Cbr\/\u003E\u003Cp\u003EMientras tanto, el r\u00e9gimen de Ortega mantiene en la c\u00e1rcel La Modelo a los sacerdotes Leonardo Urbina (detenido en Boaco), Manuel Garc\u00eda (detenido en Nandaime), ambos condenados por presuntos delitos comunes, y al sacerdote Jaime Montesinos, acusado por \u201cmenoscabo a la soberan\u00eda nacional\u201d.\u003C\/p\u003E\u003Cbr\/\u003E\u003Cbr\/\u003E\u003Cp\u003EOtros dos sacerdotes Pastor Rodr\u00edguez y Leonardo Guevara, ambos asociados a C\u00e1ritas de Estel\u00ed, se encuentran detenidos en un \u201cseminario por c\u00e1rcel\u201d, mientras son objeto de una investigaci\u00f3n financiera por presunto lavado de dinero, a trav\u00e9s de la cual el r\u00e9gimen mantiene congeladas todas las cuentas bancarias de la Iglesia cat\u00f3lica.\u003C\/p\u003E\u003Cbr\/\u003E\u003Cbr\/\u003E\u003Cp\u003EMonse\u00f1or \u00c1lvarez tambi\u00e9n demand\u00f3 la liberaci\u00f3n de todos los sacerdotes encarcelados y el descongelamiento de todas las cuentas de las di\u00f3cesis de la Iglesia cat\u00f3lica, peticiones que fueron rechazadas por el Gobierno.\u003C\/p\u003E\u003Cbr\/\u003E\u003Cbr\/\u003E\u003Cp\u003E\u003Cstrong\u003ESu encarcelamiento\u003C\/strong\u003E\u003Cbr \/\u003EMonse\u00f1or \u00c1lvarez fue arrestado y trasladado a Managua, la madrugada del 19 de agosto de 2022, despu\u00e9s de permanecer dos semanas bajo arresto domiciliario en la Curia Episcopal de Matagalpa.\u003C\/p\u003E\u003Cbr\/\u003E\u003Cbr\/\u003E\u003Cp\u003EEn el operativo policial tambi\u00e9n fueron trasladados cuatro sacerdotes, dos seminaristas y un camar\u00f3grafo que lo acompa\u00f1aban. El religioso fue trasladado a Managua bajo arresto domiciliar y los dem\u00e1s fueron encerrados en la Direcci\u00f3n de Auxilio Judicial, conocida como El Chipote.\u003C\/p\u003E\u003Cbr\/\u003E\u003Cbr\/\u003E\u003Cp\u003EDurante su encarcelamiento, la dictadura de Ortega mostr\u00f3 p\u00fablicamente al obispo solo en dos ocasiones. La primera fue en diciembre de 2022 cuando el sacerdote fue trasladado a los juzgados del Distrito Penal de Audiencias de Managua donde fue acusado de conspiraci\u00f3n para cometer menoscabo a la integridad nacional y propagaci\u00f3n de noticias falsas en perjuicio del Estado y la sociedad nicarag\u00fcense.\u003C\/p\u003E\u003Cbr\/\u003E\u003Cbr\/\u003E\u003Cp\u003ELa segunda ocasi\u00f3n fue el 25 de marzo de 2023, cuando la dictadura public\u00f3, a trav\u00e9s de sus medios de comunicaci\u00f3n, una serie de fotograf\u00edas y videos de un encuentro que tuvo el obispo con dos de sus hermanos. Las im\u00e1genes mostraron al obispo visiblemente delgado, p\u00e1lido y canoso. Desde entonces no se conoce c\u00f3mo est\u00e1 su salud ni si estado f\u00edsico.\u003C\/p\u003E\u003Cbr\/\u003E\u003Cbr\/\u003E\u003Cp\u003E\u003Cstrong\u003ECondenado a 26 a\u00f1os de c\u00e1rcel\u003C\/strong\u003E\u003Cbr \/\u003EMonse\u00f1or \u00c1lvarez es el primer obispo de Nicaragua en convertirse en preso pol\u00edtico. Por su voz prof\u00e9tica fue perseguido desde antes de su arresto. En mayo de 2022 tuvo que refugiarse en Managua despu\u00e9s que la Polic\u00eda allanara la vivienda de su hermana. En represalia tambi\u00e9n le cerraron los medios de comunicaci\u00f3n, de televisi\u00f3n y radio, de las dos di\u00f3cesis que administraba.\u003C\/p\u003E\u003Cbr\/\u003E\u003Cbr\/\u003E\u003Cp\u003EEl 10 de febrero de 2023, la justicia del r\u00e9gimen de Daniel Ortega y Rosario Murillo finalmente lo conden\u00f3 a 26 a\u00f1os y cuatro meses de c\u00e1rcel en un juicio expr\u00e9s realizado un d\u00eda despu\u00e9s que el prelado se negara a abordar un avi\u00f3n que lo trasladar\u00eda a Estados Unidos junto a otros 222 excarcelados pol\u00edticos que fueron desterrados. Ese mismo d\u00eda tambi\u00e9n fue desnacionalizado.\u003C\/p\u003E\u003Cbr\/\u003E\u003Cbr\/\u003E\u003Cp\u003EDesde entonces, el obispo fue trasladado al Sistema Penitenciario Nacional Jorge Navarro, mejor conocido como \u201cLa Modelo\u201d, donde permaneci\u00f3 permaneci\u00f3 en una celda de m\u00e1xima seguridad conocida como \u201cEl Infiernillo\u201d, que seg\u00fan describen algunos excarcelados pol\u00edticos, la celda es de unos dos metros y medio de largo por dos metros de ancho, insalubre y sin ventilaci\u00f3n.\u003C\/p\u003E\u003Cbr\/\u003E\u003Cbr\/\u003E\u003Cp\u003EAh\u00ed \u201cel bochorno provoca mayor ansiedad, desesperaci\u00f3n, ganas de salir corriendo\u201d, dijo el excarcelado pol\u00edtico Yubrank Suazo, quien estuvo all\u00ed en dos ocasiones.\u003C\/p\u003E\u003Cbr\/\u003E\u003Cbr\/\u003E\u003Cp\u003EEl encarcelamiento del obispo ha provocado olas de solidaridad a nivel internacional. La \u00faltima fue impulsada por el Parlamento Europeo, quienes pidieron que \u201cse demuestre que el obispo Rolando \u00c1lvarez est\u00e1 vivo\u201d. Los eurodiputados tambi\u00e9n pidieron reiteraron \u201csu llamado a su liberaci\u00f3n inmediata e incondicional y a la de todos los presos pol\u00edticos\u201d.\u003C\/p\u003E\u003Cbr\/\u003E\u003Cbr\/\u003E\u003Cp\u003EEn marzo pasado, el r\u00e9gimen de Daniel Ortega rompi\u00f3 las relaciones con el Vaticano horas despu\u00e9s que el papa Francisco lo calificara en una entrevista concedida a Infobae como una \u201cdictadura hitleriana\u201d y opinara \u2014\u201ccon mucho respeto\u201d\u2014 que padece \u201cun desequilibrio\u201d mental. A la par, elogi\u00f3 al obispo \u00c1lvarez, de quien asegur\u00f3: \u201cQuiso dar su testimonio y no acept\u00f3 el exilio\u201d.\u003C\/p\u003E\u003Cbr\/\u003E\u003Cbr\/\u003E\u003Cp\u003E\u003Cstrong\u003ELa persecuci\u00f3n a la Iglesia\u003C\/strong\u003E\u003Cbr \/\u003ETras el arresto de monse\u00f1or \u00c1lvarez, la dictadura de Daniel Ortega increment\u00f3 la represi\u00f3n en contra de la Iglesia cat\u00f3lica a trav\u00e9s de prohibiciones de actividades religiosas, congelamiento de cuentas bancarias, asedio en las parroquias y la expulsi\u00f3n de al menos 84 religiosos, entre sacerdotes y monjas, incluidos el obispo auxiliar de la Arquidi\u00f3cesis de Managua, monse\u00f1or Silvio Jos\u00e9 B\u00e1ez.\u003C\/p\u003E\u003Cbr\/\u003E\u003Cbr\/\u003E\u003Cp\u003ESeg\u00fan un monitoreo realizado por la investigadora nicarag\u00fcense exiliada Martha Patricia Molina, se calcula que 44 religiosos y 40 monjas han salido del pa\u00eds en estos \u00faltimos cinco a\u00f1os, pero con mayor \u00e9nfasis, entre 2022 y el presente.\u003C\/p\u003E\u003Cbr\/\u003E\u003Cbr\/\u003E\u003Cp\u003ELas \u00faltimas en sumarse fueron las monjas de la Fraternidad Pobres de Jesucristo, de origen brasile\u00f1o, que fueron expulsadas de Nicaragua el pasado domingo 2 de julio.\u003C\/p\u003E\u003Cbr\/\u003E\u003Cbr\/\u003E\u003Cp\u003EEl 28 de junio de 2023, La Corte Interamericana de Derechos Humanos (Corte IDH) emiti\u00f3 una resoluci\u00f3n en la que ordena a la dictadura Ortega Murillo la liberaci\u00f3n del obispo. Esta resoluci\u00f3n se suma a otras que la Corte IDH gir\u00f3 durante meses en favor de decenas de personas consideradas como presos pol\u00edticos en Nicaragua, la \u00faltima de ellas en enero de 2023, sin que fueran acatadas por el Gobierno de Ortega.\u003C\/p\u003E"}